{"id":66542,"date":"2012-01-05T21:41:18","date_gmt":"2012-01-05T21:41:18","guid":{"rendered":"http:\/\/diariodominicano.ddns.net\/?p=66542"},"modified":"2012-01-05T21:41:18","modified_gmt":"2012-01-05T21:41:18","slug":"entregaran-libro-y-documental-de-alfonso-moreno-martinez-al-museo-de-la-resistencia","status":"publish","type":"post","link":"https:\/\/diariodominicano.com\/?p=66542","title":{"rendered":"&#13;Entregar\u00e1n libro y documental de Alfonso Moreno Mart\u00ednez al Museo de la Resistencia"},"content":{"rendered":"<p><body><\/p>\n<p><img decoding=\"async\" src=\"img3\/Portada del Libro.jpg\" \/>  <\/p>\n<p><span class=\"text1noticias\">SANTO DOMINGO, 05 Ene 2012.-Un documental y un libro que resaltan la vida del fenecido ex candidato presidencial, diplom\u00e1tico y empresario Alfonso Moreno Mart\u00ednez ser\u00e1n entregados por sus familiares al Museo Memorial de la Resistencia Dominicana, en una ceremonia que tendr\u00e1 efecto el pr\u00f3ximo martes 10 de enero, a partir de las 6:30 de la tarde.<\/span><\/p>\n<\/p>\n<p><span class=\"text1noticias\"> El audiovisual titulado \u00abHistoria y compromiso: Ligia Portalat\u00edn viuda Moreno, testimonio de una familia antitrujillista\u00bb, y el libro \u00abAlfonso Moreno Mart\u00ednez: una vida ejemplar\u00bb, ser\u00e1n entregados en la sede del Museo de la Resistencia, ubicado en la calle Arzobispo Meri\u00f1o n\u00famero 210, en la Ciudad Colonial.<\/span><\/p>\n<\/p>\n<p><span class=\"text1noticias\"> Intervendr\u00e1n Jes\u00fas Moreno Portalat\u00edn, hijo de Moreno Mart\u00ecnez; Luisa de Pe\u00f1a, directora del Museo; Zaidy Zouany, realizadora del documental, y Jos\u00e9 Abiga\u00edl Cruz Infantel, autor del libro.<\/span><\/p>\n<\/p>\n<p><span class=\"text1noticias\"> El acto contar\u00e1 con la presencia de do\u00f1a Ligia Portalat\u00edn viuda Moreno, sus hijos Ana Ang\u00e9lica, Jaime y Jos\u00e9, as\u00ed como personalidades de la vida nacional e invitados especiales.<\/span><\/p>\n<\/p>\n<p><span class=\"text1noticias\"> El documental  dura 70 minutos y el libro consta de 157 p\u00e1ginas, y ambos recrean los aportes y la visi\u00f3n de  Moreno Mart\u00ednez al desarrollo social, pol\u00edtico y econ\u00f3mico de la Rep\u00fablica Dominicana, muy especialmente a la  lucha anti-trijillista. <\/span><\/p>\n<\/p>\n<p><strong><u><span class=\"text1noticias\">Sobre  Moreno Mart\u00ednez<\/span><\/u><\/strong><\/p>\n<\/p>\n<p><span class=\"text1noticias\">Naci\u00f3 el 8 de diciembre de 1922, en San Francisco de Macor\u00eds, y fue doctor en derecho en la Universidad de Santo Domingo. Se cas\u00f3 con Ligia Portalat\u00edn, con quien procre\u00f3 a Jes\u00fas, Ana Ang\u00e9lica, Jaime y Jos\u00e9.<\/span><\/p>\n<\/p>\n<p><span class=\"text1noticias\">Cre\u00f3 a Helados Bon y a la Fundaci\u00f3n Loma Quita Espuela, en el 1970 fue candidato presidencial del Partido Reformista Social Cristiano (PRSC), y  embajador y jefe de la Misi\u00f3n Diplom\u00e1tica Dominicana ante la ONU.<\/span><\/p>\n<\/p>\n<p><span class=\"text1noticias\">Estuvo varios a\u00f1os asilado por su participaci\u00f3n en movimientos y agrupaciones en contra del r\u00e9gimen de Trujillo. Perteneci\u00f3 a la Juventud Dem\u00f3crata, donde milit\u00f3 decididamente y asumi\u00f3 riesgos y templ\u00f3 su compromiso por el espacio democr\u00e1tico. <\/span><\/p>\n<\/p>\n<p><span class=\"text1noticias\">Un tramo de una importante calle del sector de Arroyo Hondo lleva su nombre.<\/span><\/p>\n<\/p>\n<\/p>\n<h6> 2012-01-05 21:41:18 <\/h6>\n<p><!--\n<link rel=\"stylesheet\" href=\"css\/bootstrap.min.css\">\n\n\n<ul class=\"pagination\">\n\t    \n\t\n\n<li >\n\t<a href='?page_no=18219'>Previous<\/a>\n\t<\/li>\n\n\n       \n    \n\n<li><a href='?page_no=1'>1<\/a><\/li>\n\n\n\n<li><a href='?page_no=2'>2<\/a><\/li>\n\n\n\n<li><a>...<\/a><\/li>\n\n\n\n<li><a href='?page_no=18218'>18218<\/a><\/li>\n\n\n\n<li><a href='?page_no=18219'>18219<\/a><\/li>\n\n\n\n<li class='active'><a>18220<\/a><\/li>\n\n\n\n<li><a href='?page_no=18221'>18221<\/a><\/li>\n\n\n\n<li><a href='?page_no=18222'>18222<\/a><\/li>\n\n\n\n<li><a>...<\/a><\/li>\n\n\n\n<li><a href='?page_no=22911'>22911<\/a><\/li>\n\n\n\n<li><a href='?page_no=22912'>22912<\/a><\/li>\n\n    \n\t\n\n<li >\n\t<a href='?page_no=18221'>Next<\/a>\n\t<\/li>\n\n\n    \n\n<li><a href='?page_no=22912'>Last &rsaquo;&rsaquo;<\/a><\/li>\n\n<\/ul>\n\n\n--><br \/>\n<\/body><\/p>\n","protected":false},"excerpt":{"rendered":"<p>SANTO DOMINGO, 05 Ene 2012.-Un documental y un libro que resaltan la vida del fenecido ex candidato presidencial, diplom\u00e1tico y empresario Alfonso Moreno Mart\u00ednez ser\u00e1n entregados por sus familiares al Museo Memorial de la Resistencia Dominicana, en una ceremonia que tendr\u00e1 efecto el pr\u00f3ximo martes 10 de enero, a partir de las 6:30 de la [&hellip;]<\/p>\n","protected":false},"author":3,"featured_media":0,"comment_status":"open","ping_status":"open","sticky":false,"template":"","format":"standard","meta":{"footnotes":""},"categories":[21],"tags":[],"class_list":["post-66542","post","type-post","status-publish","format-standard","hentry","category-cultura"],"_links":{"self":[{"href":"https:\/\/diariodominicano.com\/index.php?rest_route=\/wp\/v2\/posts\/66542","targetHints":{"allow":["GET"]}}],"collection":[{"href":"https:\/\/diariodominicano.com\/index.php?rest_route=\/wp\/v2\/posts"}],"about":[{"href":"https:\/\/diariodominicano.com\/index.php?rest_route=\/wp\/v2\/types\/post"}],"author":[{"embeddable":true,"href":"https:\/\/diariodominicano.com\/index.php?rest_route=\/wp\/v2\/users\/3"}],"replies":[{"embeddable":true,"href":"https:\/\/diariodominicano.com\/index.php?rest_route=%2Fwp%2Fv2%2Fcomments&post=66542"}],"version-history":[{"count":0,"href":"https:\/\/diariodominicano.com\/index.php?rest_route=\/wp\/v2\/posts\/66542\/revisions"}],"wp:attachment":[{"href":"https:\/\/diariodominicano.com\/index.php?rest_route=%2Fwp%2Fv2%2Fmedia&parent=66542"}],"wp:term":[{"taxonomy":"category","embeddable":true,"href":"https:\/\/diariodominicano.com\/index.php?rest_route=%2Fwp%2Fv2%2Fcategories&post=66542"},{"taxonomy":"post_tag","embeddable":true,"href":"https:\/\/diariodominicano.com\/index.php?rest_route=%2Fwp%2Fv2%2Ftags&post=66542"}],"curies":[{"name":"wp","href":"https:\/\/api.w.org\/{rel}","templated":true}]}}