{"id":66539,"date":"2012-01-09T17:56:00","date_gmt":"2012-01-09T17:56:00","guid":{"rendered":"http:\/\/diariodominicano.ddns.net\/?p=66539"},"modified":"2012-01-09T17:56:00","modified_gmt":"2012-01-09T17:56:00","slug":"en-el-castillo-luperon-con-la-asistencia-de-la-gobernadora-provincial-obispo-diocesis-puerto-plata-gaspar-hernandez-preside-misa-518-aniversario-primera-cantada-en-america","status":"publish","type":"post","link":"https:\/\/diariodominicano.com\/?p=66539","title":{"rendered":"En el Castillo Luperon con la asistencia de la gobernadora provincial obispo Di\u00f3cesis Puerto Plata-Gaspar Hern\u00e1ndez preside misa 518 aniversario primera cantada en America"},"content":{"rendered":"<p><body><\/p>\n<p><img decoding=\"async\" src=\"img3\/misacantada.JPG\" \/>  <\/p>\n<p><span class=\"text1noticias\">El Castillo Luperon, Rep.Dom, 9 de Enero.&#8211;Debido al cumplierse 518 a\u00f1o de la celebraci\u00f3n de la Primera Misa Cantada en America, en tal sentido el obispo de la Di\u00f3cesis Puerto Plata-Gaspar Hern\u00e1ndez Julio Cesar Corniel, celebro una misa de conmemoraci\u00f3n a tan importante ocasi\u00f3n en el templo de la America, ubicado en el distrito municipal del Castillo, la actividad religiosa consto con la asistencia de la m\u00e1xima representaci\u00f3n del poder ejecutivo de esta provincia de Puerto Plata Eridania Llibre Ortiz.<\/span><\/p>\n<\/p>\n<p><span class=\"text1noticias\">Monse\u00f1or Corniel Amaro destaco la importancia de conmemora la primera misa celebrada en el templo la America oficiada por el padre Bernardo Boil y la cual dio la entrada al Nuevo Mundo el 6 de enero del 1494, agrego que La Isabela tiene un gran significado hist\u00f3rico aparte de su buen potencial tur\u00edstico lo que le ha permitido a residentes ser parte de su desarrollo; El obispo Julio Cesar le record\u00f3 a los presentes el compromiso que tenemos con el fortalecimiento y capacitaci\u00f3n permanentes con la Familia, que es en donde verdaderamente comienza la fraternidad y los valores que en estoy momento se est\u00e1n perdiendo.<\/span><\/p>\n<\/p>\n<p><span class=\"text1noticias\">Fue notoria la presencia del Dr. Rafael Cantizano, el alcalde del municipio de Luperon Ingeniero Danilo Morrobel, la encargada del plan social Dulce Vargas, el alcalde de Altamira Fidencio Colon, el director de la junta distrital de la Isabela Hist\u00f3rica ingeniero Emilio Peralta, Ney Placido, Rafael \u00c1lvarez, el coronel de los Bomberos de Luperon Profesor Luis Morrobel entre otras importantes personalidades.<\/span><\/p>\n<\/p>\n<p>&#8212; <\/p>\n<h6> 2012-01-09 17:56:00 <\/h6>\n<p><!--\n<link rel=\"stylesheet\" href=\"css\/bootstrap.min.css\">\n\n\n<ul class=\"pagination\">\n\t    \n\t\n\n<li >\n\t<a href='?page_no=18216'>Previous<\/a>\n\t<\/li>\n\n\n       \n    \n\n<li><a href='?page_no=1'>1<\/a><\/li>\n\n\n\n<li><a href='?page_no=2'>2<\/a><\/li>\n\n\n\n<li><a>...<\/a><\/li>\n\n\n\n<li><a href='?page_no=18215'>18215<\/a><\/li>\n\n\n\n<li><a href='?page_no=18216'>18216<\/a><\/li>\n\n\n\n<li class='active'><a>18217<\/a><\/li>\n\n\n\n<li><a href='?page_no=18218'>18218<\/a><\/li>\n\n\n\n<li><a href='?page_no=18219'>18219<\/a><\/li>\n\n\n\n<li><a>...<\/a><\/li>\n\n\n\n<li><a href='?page_no=22911'>22911<\/a><\/li>\n\n\n\n<li><a href='?page_no=22912'>22912<\/a><\/li>\n\n    \n\t\n\n<li >\n\t<a href='?page_no=18218'>Next<\/a>\n\t<\/li>\n\n\n    \n\n<li><a href='?page_no=22912'>Last &rsaquo;&rsaquo;<\/a><\/li>\n\n<\/ul>\n\n\n--><br \/>\n<\/body><\/p>\n","protected":false},"excerpt":{"rendered":"<p>El Castillo Luperon, Rep.Dom, 9 de Enero.&#8211;Debido al cumplierse 518 a\u00f1o de la celebraci\u00f3n de la Primera Misa Cantada en America, en tal sentido el obispo de la Di\u00f3cesis Puerto Plata-Gaspar Hern\u00e1ndez Julio Cesar Corniel, celebro una misa de conmemoraci\u00f3n a tan importante ocasi\u00f3n en el templo de la America, ubicado en el distrito municipal [&hellip;]<\/p>\n","protected":false},"author":3,"featured_media":0,"comment_status":"open","ping_status":"open","sticky":false,"template":"","format":"standard","meta":{"footnotes":""},"categories":[21],"tags":[],"class_list":["post-66539","post","type-post","status-publish","format-standard","hentry","category-cultura"],"_links":{"self":[{"href":"https:\/\/diariodominicano.com\/index.php?rest_route=\/wp\/v2\/posts\/66539","targetHints":{"allow":["GET"]}}],"collection":[{"href":"https:\/\/diariodominicano.com\/index.php?rest_route=\/wp\/v2\/posts"}],"about":[{"href":"https:\/\/diariodominicano.com\/index.php?rest_route=\/wp\/v2\/types\/post"}],"author":[{"embeddable":true,"href":"https:\/\/diariodominicano.com\/index.php?rest_route=\/wp\/v2\/users\/3"}],"replies":[{"embeddable":true,"href":"https:\/\/diariodominicano.com\/index.php?rest_route=%2Fwp%2Fv2%2Fcomments&post=66539"}],"version-history":[{"count":0,"href":"https:\/\/diariodominicano.com\/index.php?rest_route=\/wp\/v2\/posts\/66539\/revisions"}],"wp:attachment":[{"href":"https:\/\/diariodominicano.com\/index.php?rest_route=%2Fwp%2Fv2%2Fmedia&parent=66539"}],"wp:term":[{"taxonomy":"category","embeddable":true,"href":"https:\/\/diariodominicano.com\/index.php?rest_route=%2Fwp%2Fv2%2Fcategories&post=66539"},{"taxonomy":"post_tag","embeddable":true,"href":"https:\/\/diariodominicano.com\/index.php?rest_route=%2Fwp%2Fv2%2Ftags&post=66539"}],"curies":[{"name":"wp","href":"https:\/\/api.w.org\/{rel}","templated":true}]}}