{"id":665314,"date":"2026-02-14T00:53:58","date_gmt":"2026-02-14T04:53:58","guid":{"rendered":"https:\/\/diariodominicano.com\/?p=665314"},"modified":"2026-02-14T00:53:59","modified_gmt":"2026-02-14T04:53:59","slug":"encabeza-diaz-canel-preparacion-para-la-defensa-en-la-habana","status":"publish","type":"post","link":"https:\/\/diariodominicano.com\/?p=665314","title":{"rendered":"Encabeza D\u00edaz-Canel preparaci\u00f3n para la defensa en La Habana"},"content":{"rendered":"\n<p>La Habana, 13 feb (Prensa Latina) El presidente de Cuba, Miguel D\u00edaz-Canel, encabez\u00f3 hoy las acciones de preparaci\u00f3n para la defensa en la direcci\u00f3n nacional de la empresa Frutas Selectas en esta capital, seg\u00fan notific\u00f3 la Presidencia de la Rep\u00fablica.<\/p>\n\n\n\n<ul class=\"wp-block-list\">\n<li><a href=\"https:\/\/www.prensa-latina.cu\/2026\/02\/13\/\"><time>febrero 13, 2026 | 15:08<\/time><\/a><\/li>\n<\/ul>\n\n\n\n<ul class=\"wp-block-list\">\n<li><a href=\"https:\/\/www.prensa-latina.cu\/2026\/02\/13\/encabeza-diaz-canel-preparacion-para-la-defensa-en-la-habana\/#\"><\/a><\/li>\n\n\n\n<li><a href=\"https:\/\/www.prensa-latina.cu\/2026\/02\/13\/encabeza-diaz-canel-preparacion-para-la-defensa-en-la-habana\/#\"><\/a><\/li>\n\n\n\n<li><a href=\"https:\/\/www.prensa-latina.cu\/2026\/02\/13\/encabeza-diaz-canel-preparacion-para-la-defensa-en-la-habana\/#\"><\/a><\/li>\n\n\n\n<li><a href=\"https:\/\/www.prensa-latina.cu\/2026\/02\/13\/encabeza-diaz-canel-preparacion-para-la-defensa-en-la-habana\/#\"><\/a><\/li>\n<\/ul>\n\n\n\n<p>D\u00edaz-Canel recorri\u00f3 la entidad ubicada en el municipio del Cerro, \u00abque ostenta buenos resultados en sus indicadores productivos\u00bb y dialog\u00f3 con trabajadores inmersos en pr\u00e1cticas de arme y desarme de fusil.<\/p>\n\n\n\n<p>Acompa\u00f1aron al jefe de Estado el presidente de la Asamblea Nacional del Poder Popular (Parlamento), Esteban Lazo; el ministro de las Fuerzas Armadas Revolucionarias, General de Cuerpo de Ej\u00e9rcito \u00c1lvaro L\u00f3pez Miera, y otros dirigentes gubernamentales y partidistas.<\/p>\n\n\n\n<p>Mientras ello ocurr\u00eda, y en el contexto del D\u00eda Nacional de la Defensa, \u00aben las inmediaciones de la Empresa, cubanas y cubanos de varias generaciones protagonizaban pr\u00e1cticas combativas\u00bb.<\/p>\n\n\n\n<p>De acuerdo con el texto publicado en la p\u00e1gina oficial de la Presidencia, en la jornada motiv\u00f3 reflexiones el precepto de que cada \u00abcubano debe tener claridad sobre su misi\u00f3n, y en tal sentido estar preparado\u00bb, el cual es considerado \u00abpiedra angular de la concepci\u00f3n de la Guerra de Todo el Pueblo\u00bb.<\/p>\n\n\n\n<p>Asimismo, subraya que en una reuni\u00f3n de puntualizaci\u00f3n se afirm\u00f3 que \u00absi hay preparaci\u00f3n y cohesi\u00f3n, quien se atreva a invadir terreno cubano encontrar\u00e1 fuerzas muy hostiles\u00bb.<\/p>\n\n\n\n<p>arc\/raj<\/p>\n\n\n\n<ul class=\"wp-block-list\">\n<li>#<a href=\"https:\/\/www.prensa-latina.cu\/etiqueta\/cuba\/\">cuba<\/a><\/li>\n<\/ul>\n","protected":false},"excerpt":{"rendered":"<p>La Habana, 13 feb (Prensa Latina) El presidente de Cuba, Miguel D\u00edaz-Canel, encabez\u00f3 hoy las acciones de preparaci\u00f3n para la defensa en la direcci\u00f3n nacional de la empresa Frutas Selectas en esta capital, seg\u00fan notific\u00f3 la Presidencia de la Rep\u00fablica. D\u00edaz-Canel recorri\u00f3 la entidad ubicada en el municipio del Cerro, \u00abque ostenta buenos resultados en [&hellip;]<\/p>\n","protected":false},"author":28,"featured_media":665315,"comment_status":"open","ping_status":"closed","sticky":false,"template":"","format":"standard","meta":{"footnotes":""},"categories":[113],"tags":[3100,4540],"class_list":["post-665314","post","type-post","status-publish","format-standard","has-post-thumbnail","hentry","category-celac","tag-cuba","tag-diaz-canel-3"],"_links":{"self":[{"href":"https:\/\/diariodominicano.com\/index.php?rest_route=\/wp\/v2\/posts\/665314","targetHints":{"allow":["GET"]}}],"collection":[{"href":"https:\/\/diariodominicano.com\/index.php?rest_route=\/wp\/v2\/posts"}],"about":[{"href":"https:\/\/diariodominicano.com\/index.php?rest_route=\/wp\/v2\/types\/post"}],"author":[{"embeddable":true,"href":"https:\/\/diariodominicano.com\/index.php?rest_route=\/wp\/v2\/users\/28"}],"replies":[{"embeddable":true,"href":"https:\/\/diariodominicano.com\/index.php?rest_route=%2Fwp%2Fv2%2Fcomments&post=665314"}],"version-history":[{"count":1,"href":"https:\/\/diariodominicano.com\/index.php?rest_route=\/wp\/v2\/posts\/665314\/revisions"}],"predecessor-version":[{"id":665316,"href":"https:\/\/diariodominicano.com\/index.php?rest_route=\/wp\/v2\/posts\/665314\/revisions\/665316"}],"wp:featuredmedia":[{"embeddable":true,"href":"https:\/\/diariodominicano.com\/index.php?rest_route=\/wp\/v2\/media\/665315"}],"wp:attachment":[{"href":"https:\/\/diariodominicano.com\/index.php?rest_route=%2Fwp%2Fv2%2Fmedia&parent=665314"}],"wp:term":[{"taxonomy":"category","embeddable":true,"href":"https:\/\/diariodominicano.com\/index.php?rest_route=%2Fwp%2Fv2%2Fcategories&post=665314"},{"taxonomy":"post_tag","embeddable":true,"href":"https:\/\/diariodominicano.com\/index.php?rest_route=%2Fwp%2Fv2%2Ftags&post=665314"}],"curies":[{"name":"wp","href":"https:\/\/api.w.org\/{rel}","templated":true}]}}