{"id":66528,"date":"2012-01-11T13:20:41","date_gmt":"2012-01-11T13:20:41","guid":{"rendered":"http:\/\/diariodominicano.ddns.net\/?p=66528"},"modified":"2012-01-11T13:20:41","modified_gmt":"2012-01-11T13:20:41","slug":"presentaran-a-la-orilla-de-la-mar-nuevo-libro-de-peralta-romero","status":"publish","type":"post","link":"https:\/\/diariodominicano.com\/?p=66528","title":{"rendered":"Presentar\u00e1n \u00abA la orilla de la mar\u00bb, nuevo libro de Peralta Romero"},"content":{"rendered":"<p><body><\/p>\n<p><span class=\"text1noticias\">Santo Domingo, RD, 11 enero.- Ser\u00e1 presentado al p\u00fablico el martes 17 un nuevo  libro del escritor Rafael Peralta Romero, quien se ha caracterizado por una sostenida producci\u00f3n de libros  para ni\u00f1os.<\/span><\/p>\n<p><span class=\"text1noticias\"> <\/span><\/p>\n<p><span class=\"text1noticias\">\u00abA la orilla de la mar\u00bb es el t\u00edtulo de la nueva obra, la cual consiste en un  conjunto de cuentos  que versan sobre  la tem\u00e1tica marina.<\/span><\/p>\n<p><span class=\"text1noticias\"> <\/span><\/p>\n<p><span class=\"text1noticias\">\u00abSon diez historias  novedosas recogidas  a la orilla de la mar\u00bb,  dijo el autor al momento de informar que la puesta en circulaci\u00f3n del libro se realizar\u00e1 en el sal\u00f3n de conferencias de la Academia Dominicana de la Lengua, el martes 17, a las siete de la noche.<\/span><\/p>\n<p><span class=\"text1noticias\"> <\/span><\/p>\n<p><span class=\"text1noticias\">La ponderaci\u00f3n de la nueva obra estar\u00e1 a cargo de la Luc\u00eda Amelia Cabral,  una  de las primeras cultoras  de la literatura infantil en la Rep\u00fablica Dominicana.<\/span><\/p>\n<p><span class=\"text1noticias\"> <\/span><\/p>\n<p><span class=\"text1noticias\">Peralta dijo que este nuevo libro es un homenaje a todos los ni\u00f1os y ni\u00f1as nacidos a la orilla de la mar \u00abdonde ocurren hechos fenomenales  y tambi\u00e9n  hechos simples\u00bb.<\/span><\/p>\n<p><span class=\"text1noticias\"> <\/span><\/p>\n<p><span class=\"text1noticias\">Coment\u00f3 que en el libro \u00abA la orilla de la mar\u00bb  se  recoge  historias    comunes y tambi\u00e9n ins\u00f3litas  y adujo  \u00abque a la orilla de la mar  lo mismo suceden   episodios apacibles  como   episodios  bruscos\u00bb.<\/span><\/p>\n<p><span class=\"text1noticias\">Rafael Peralta Romero  public\u00f3 en 1977  el poemario infantil \u00abNi\u00f1o y poes\u00eda\u00bb, no s\u00f3lo su primer libro, sino el inicio  de este autor en la escritura para ni\u00f1os. En 1992 dio a conocer otro libro de poemas para ni\u00f1os: \u00abUn chin de caramelo\u00bb.<\/span><\/p>\n<p><span class=\"text1noticias\"> <\/span><\/p>\n<p><span class=\"text1noticias\"> Despu\u00e9s se convenci\u00f3 de que los peque\u00f1os prefieren los cuentos y public\u00f3 algunos en revistas y libros colectivos como \u00abHuellas de la leyenda\u00bb, una colecci\u00f3n de cuentos sobre la ciguapa, figura m\u00edtica dominicana, auspiciada por el Banco de Reservas.<\/span><\/p>\n<p><span class=\"text1noticias\"> <\/span><\/p>\n<p><span class=\"text1noticias\">En 2006, Ediciones Ferilibro, del Ministerio de Cultura,  public\u00f3 el volumen  \u00abEl conejo en el espejo y   otros cuentos para ni\u00f1os\u00bb.  En 2007 dio a conocer  \u00abCuentos de ni\u00f1os y animales\u00bb,  editado por el Grupo Editorial Norma.<\/span><\/p>\n<p><span class=\"text1noticias\"> <\/span><\/p>\n<p><span class=\"text1noticias\">Peralta es autor de la novela infantil \u00abDe c\u00f3mo Uto P\u00eda encontr\u00f3 a Tarz\u00e1n\u00bb, ganadora del premio El Barco de Vapor 2008, de Ediciones SM.<\/span><\/p>\n<p><span class=\"text1noticias\"> <\/span><\/p>\n<p><span class=\"text1noticias\">Su colecci\u00f3n de obras para ni\u00f1os  lo coloca   entre los m\u00e1s destacados en esa rama de la creaci\u00f3n literaria en Rep\u00fablica Dominicana.<\/span><\/p>\n<p><span class=\"text1noticias\"> <\/span><\/p>\n<p><span class=\"text1noticias\">Ha escrito ensayos y conferencias sobre literatura infantil, entre las que destaca la titulada \u00abLa importancia de la literatura infantil para el desarrollo social de la Rep\u00fablica Dominicana\u00bb, presentada como discurso de ingreso a la Academia Dominicana de la Lengua, en calidad de miembro correspondiente.<\/span><\/p>\n<p><span class=\"text1noticias\"> <\/span><\/p>\n<p><span class=\"text1noticias\">Para los padres de los ni\u00f1os, ha publicado tres novelas, tres  libros de cuentos y un volumen de poes\u00eda.  Durante 27 a\u00f1os, Peralta Romero ha  ejercido como  profesor de lengua espa\u00f1ola y redacci\u00f3n en la Universidad Aut\u00f3noma de Santo Domingo<\/span>.<\/p>\n<\/p>\n<h6> 2012-01-11 13:20:41 <\/h6>\n<p><!--\n<link rel=\"stylesheet\" href=\"css\/bootstrap.min.css\">\n\n\n<ul class=\"pagination\">\n\t    \n\t\n\n<li >\n\t<a href='?page_no=18205'>Previous<\/a>\n\t<\/li>\n\n\n       \n    \n\n<li><a href='?page_no=1'>1<\/a><\/li>\n\n\n\n<li><a href='?page_no=2'>2<\/a><\/li>\n\n\n\n<li><a>...<\/a><\/li>\n\n\n\n<li><a href='?page_no=18204'>18204<\/a><\/li>\n\n\n\n<li><a href='?page_no=18205'>18205<\/a><\/li>\n\n\n\n<li class='active'><a>18206<\/a><\/li>\n\n\n\n<li><a href='?page_no=18207'>18207<\/a><\/li>\n\n\n\n<li><a href='?page_no=18208'>18208<\/a><\/li>\n\n\n\n<li><a>...<\/a><\/li>\n\n\n\n<li><a href='?page_no=22911'>22911<\/a><\/li>\n\n\n\n<li><a href='?page_no=22912'>22912<\/a><\/li>\n\n    \n\t\n\n<li >\n\t<a href='?page_no=18207'>Next<\/a>\n\t<\/li>\n\n\n    \n\n<li><a href='?page_no=22912'>Last &rsaquo;&rsaquo;<\/a><\/li>\n\n<\/ul>\n\n\n--><br \/>\n<\/body><\/p>\n","protected":false},"excerpt":{"rendered":"<p>Santo Domingo, RD, 11 enero.- Ser\u00e1 presentado al p\u00fablico el martes 17 un nuevo libro del escritor Rafael Peralta Romero, quien se ha caracterizado por una sostenida producci\u00f3n de libros para ni\u00f1os. \u00abA la orilla de la mar\u00bb es el t\u00edtulo de la nueva obra, la cual consiste en un conjunto de cuentos que versan [&hellip;]<\/p>\n","protected":false},"author":3,"featured_media":0,"comment_status":"open","ping_status":"open","sticky":false,"template":"","format":"standard","meta":{"footnotes":""},"categories":[21],"tags":[],"class_list":["post-66528","post","type-post","status-publish","format-standard","hentry","category-cultura"],"_links":{"self":[{"href":"https:\/\/diariodominicano.com\/index.php?rest_route=\/wp\/v2\/posts\/66528","targetHints":{"allow":["GET"]}}],"collection":[{"href":"https:\/\/diariodominicano.com\/index.php?rest_route=\/wp\/v2\/posts"}],"about":[{"href":"https:\/\/diariodominicano.com\/index.php?rest_route=\/wp\/v2\/types\/post"}],"author":[{"embeddable":true,"href":"https:\/\/diariodominicano.com\/index.php?rest_route=\/wp\/v2\/users\/3"}],"replies":[{"embeddable":true,"href":"https:\/\/diariodominicano.com\/index.php?rest_route=%2Fwp%2Fv2%2Fcomments&post=66528"}],"version-history":[{"count":0,"href":"https:\/\/diariodominicano.com\/index.php?rest_route=\/wp\/v2\/posts\/66528\/revisions"}],"wp:attachment":[{"href":"https:\/\/diariodominicano.com\/index.php?rest_route=%2Fwp%2Fv2%2Fmedia&parent=66528"}],"wp:term":[{"taxonomy":"category","embeddable":true,"href":"https:\/\/diariodominicano.com\/index.php?rest_route=%2Fwp%2Fv2%2Fcategories&post=66528"},{"taxonomy":"post_tag","embeddable":true,"href":"https:\/\/diariodominicano.com\/index.php?rest_route=%2Fwp%2Fv2%2Ftags&post=66528"}],"curies":[{"name":"wp","href":"https:\/\/api.w.org\/{rel}","templated":true}]}}