{"id":66527,"date":"2012-01-11T14:26:43","date_gmt":"2012-01-11T14:26:43","guid":{"rendered":"http:\/\/diariodominicano.ddns.net\/?p=66527"},"modified":"2012-01-11T14:26:43","modified_gmt":"2012-01-11T14:26:43","slug":"fallece-remberto-becker-el-compositor-mas-longevo-de-cuba","status":"publish","type":"post","link":"https:\/\/diariodominicano.com\/?p=66527","title":{"rendered":"Fallece Remberto Becker, el compositor m\u00e1s longevo de Cuba"},"content":{"rendered":"<p><body><\/p>\n<p><span class=\"text1noticias\">Habana, 11enero (PL) El compositor cubano Remberto Becker, el m\u00e1s longevo de la isla y autor de la exitosa guaracha \u00abA toda Cuba le gusta\u00bb, falleci\u00f3 en La Habana a los 101 a\u00f1os, inform\u00f3 este martes el estatal Instituto Cubano de la M\u00fasica.<\/span><\/p>\n<\/p>\n<p><span class=\"text1noticias\">Becker, que tambi\u00e9n compuso \u00abDe ti enamorado\u00bb, \u00abComo cambian los tiempos\u00bb y \u00abAqu\u00ed nacen los soneros\u00bb, entre otros \u00e9xitos musicales, muri\u00f3 el lunes \u00aba causa de una repentina enfermedad\u00bb -no precisada- y ser\u00e1 sepultado este martes, se\u00f1al\u00f3 una fuente del Instituto, citada por la agencia cubana Prensa Latina.<\/span><\/p>\n<\/p>\n<p><span class=\"text1noticias\">Nacido en La Habana el 4 de febrero de 1910, Becker trabaj\u00f3 como pintor y decorador, y fue adem\u00e1s boxeador, antes de incursionar en la m\u00fasica. En 1943 cre\u00f3 el cuarteto \u00abBecker\u00bb, junto con Orlando Vallejo, uno de los m\u00e1s grandes boleristas que ha dado Cuba, fallecido en Miami en 1981.<\/span><\/p>\n<\/p>\n<p><span class=\"text1noticias\">Los boleros, guajiras y guarachas de Becker, quien nunca dej\u00f3 de trabajar pese a su avanzada edad y era reconocido como el compositor m\u00e1s longevo de la isla, integran el repertorio de afamados salseros dentro y fuera de la isla, entre ellos el venezolano Oscar D?Le\u00f3n (De ti enamorado).<\/span><\/p>\n<\/p>\n<p><span class=\"text1noticias\">Entre sus guarachas (g\u00e9nero cubano cantable y bailable) destaca \u00abA toda Cuba le gusta\u00bb, que hizo \u00e9poca en los a\u00f1os 50 y que da t\u00edtulo y est\u00e1 incluida en el primer disco del Proyecto Musical Buena Vista Social Club, creado en 1996 por el cubano Juan de Marcos y el guitarrista estadounidense Ry Cooder, y convertido en el m\u00e1s importante de la m\u00fasica popular cubana en los \u00faltimos 50 a\u00f1os.<\/span><\/p>\n<\/p>\n<p><span class=\"text1noticias\">El proyecto, ganador de un Grammy en 1998, fue formado, entre otros, con leyendas de la \u00e9poca de oro de la m\u00fasica cubana, como Compay Segundo, P\u00edo Leyva, Rub\u00e9n Gonz\u00e1lez e Ibrahim Ferrer -los cuatro ya fallecidos- y la diva Omara Portuondo y el guitarrista Eliades Ochoa, a\u00fan en los escenarios<\/span>.<\/p>\n<\/p>\n<h6> 2012-01-11 14:26:43 <\/h6>\n<p><!--\n<link rel=\"stylesheet\" href=\"css\/bootstrap.min.css\">\n\n\n<ul class=\"pagination\">\n\t    \n\t\n\n<li >\n\t<a href='?page_no=18204'>Previous<\/a>\n\t<\/li>\n\n\n       \n    \n\n<li><a href='?page_no=1'>1<\/a><\/li>\n\n\n\n<li><a href='?page_no=2'>2<\/a><\/li>\n\n\n\n<li><a>...<\/a><\/li>\n\n\n\n<li><a href='?page_no=18203'>18203<\/a><\/li>\n\n\n\n<li><a href='?page_no=18204'>18204<\/a><\/li>\n\n\n\n<li class='active'><a>18205<\/a><\/li>\n\n\n\n<li><a href='?page_no=18206'>18206<\/a><\/li>\n\n\n\n<li><a href='?page_no=18207'>18207<\/a><\/li>\n\n\n\n<li><a>...<\/a><\/li>\n\n\n\n<li><a href='?page_no=22911'>22911<\/a><\/li>\n\n\n\n<li><a href='?page_no=22912'>22912<\/a><\/li>\n\n    \n\t\n\n<li >\n\t<a href='?page_no=18206'>Next<\/a>\n\t<\/li>\n\n\n    \n\n<li><a href='?page_no=22912'>Last &rsaquo;&rsaquo;<\/a><\/li>\n\n<\/ul>\n\n\n--><br \/>\n<\/body><\/p>\n","protected":false},"excerpt":{"rendered":"<p>Habana, 11enero (PL) El compositor cubano Remberto Becker, el m\u00e1s longevo de la isla y autor de la exitosa guaracha \u00abA toda Cuba le gusta\u00bb, falleci\u00f3 en La Habana a los 101 a\u00f1os, inform\u00f3 este martes el estatal Instituto Cubano de la M\u00fasica. Becker, que tambi\u00e9n compuso \u00abDe ti enamorado\u00bb, \u00abComo cambian los tiempos\u00bb y [&hellip;]<\/p>\n","protected":false},"author":3,"featured_media":0,"comment_status":"open","ping_status":"open","sticky":false,"template":"","format":"standard","meta":{"footnotes":""},"categories":[21],"tags":[],"class_list":["post-66527","post","type-post","status-publish","format-standard","hentry","category-cultura"],"_links":{"self":[{"href":"https:\/\/diariodominicano.com\/index.php?rest_route=\/wp\/v2\/posts\/66527","targetHints":{"allow":["GET"]}}],"collection":[{"href":"https:\/\/diariodominicano.com\/index.php?rest_route=\/wp\/v2\/posts"}],"about":[{"href":"https:\/\/diariodominicano.com\/index.php?rest_route=\/wp\/v2\/types\/post"}],"author":[{"embeddable":true,"href":"https:\/\/diariodominicano.com\/index.php?rest_route=\/wp\/v2\/users\/3"}],"replies":[{"embeddable":true,"href":"https:\/\/diariodominicano.com\/index.php?rest_route=%2Fwp%2Fv2%2Fcomments&post=66527"}],"version-history":[{"count":0,"href":"https:\/\/diariodominicano.com\/index.php?rest_route=\/wp\/v2\/posts\/66527\/revisions"}],"wp:attachment":[{"href":"https:\/\/diariodominicano.com\/index.php?rest_route=%2Fwp%2Fv2%2Fmedia&parent=66527"}],"wp:term":[{"taxonomy":"category","embeddable":true,"href":"https:\/\/diariodominicano.com\/index.php?rest_route=%2Fwp%2Fv2%2Fcategories&post=66527"},{"taxonomy":"post_tag","embeddable":true,"href":"https:\/\/diariodominicano.com\/index.php?rest_route=%2Fwp%2Fv2%2Ftags&post=66527"}],"curies":[{"name":"wp","href":"https:\/\/api.w.org\/{rel}","templated":true}]}}