{"id":66526,"date":"2012-01-11T14:31:03","date_gmt":"2012-01-11T14:31:03","guid":{"rendered":"http:\/\/diariodominicano.ddns.net\/?p=66526"},"modified":"2012-01-11T14:31:03","modified_gmt":"2012-01-11T14:31:03","slug":"ensenanza-en-haiti-inauguro-semana-educacion-superior-en-dominicana-2","status":"publish","type":"post","link":"https:\/\/diariodominicano.com\/?p=66526","title":{"rendered":"&#13;Ense\u00f1anza en Hait\u00ed inaugur\u00f3 semana Educaci\u00f3n Superior en Dominicana"},"content":{"rendered":"<p><body><\/p>\n<p><span class=\"text1noticias\">Santo Domingo, 11 ene (PL) La Semana de la Educaci\u00f3n Superior en Dominicana abri\u00f3 sus discusiones con el panel sobre esa ense\u00f1anza en Hait\u00ed, evento encabezado por el presidente Leonel Fern\u00e1ndez.<\/span><\/p>\n<\/p>\n<p><span class=\"text1noticias\">El encuentro que se realiza en la Fundaci\u00f3n Global Democracia y Desarrollo (Funglode) trata sobre las tendencias mundiales en la Ense\u00f1anza Superior.<\/span><\/p>\n<\/p>\n<p><span class=\"text1noticias\">La jornada inaugural tuvo la participaci\u00f3n de destacados profesores haitianos que agradecieron al mandatario dominicano la donaci\u00f3n de la sede universitaria Henri Christophe, prevista para inaugurarse ma\u00f1ana.<\/span><\/p>\n<\/p>\n<p><span class=\"text1noticias\">En ese centro de estudios superiores, dijeron, se formar\u00e1 el capital humano y habr\u00e1 m\u00e1s personas preparadas acorde con las necesidades de Hait\u00ed.<\/span><\/p>\n<\/p>\n<p><span class=\"text1noticias\">La mano tendida por el gobierno dominicano es la oportunidad para iniciar nuevas relaciones con este pa\u00eds en el marco de la isla, puntualizaron los expositores de la vecina naci\u00f3n, inform\u00f3 la Direcci\u00f3n de Prensa de la Presidencia.<\/span><\/p>\n<\/p>\n<p><span class=\"text1noticias\">Los catedr\u00e1ticos de Hait\u00ed coincidieron en la necesidad de una reforma en la Educaci\u00f3n Superior de su naci\u00f3n para hacer frente a los nuevos retos y desaf\u00edos.<\/span><\/p>\n<\/p>\n<p><span class=\"text1noticias\">Manifestaron que pese a la situaci\u00f3n dif\u00edcil que enfrenta ese tipo de ense\u00f1anza, la que cuenta con 25 mil estudiantes universitarios, ven con optimismo las perspectivas de soluci\u00f3n a la crisis que experimenta el sector.<\/span><\/p>\n<\/p>\n<p><span class=\"text1noticias\">Se van a formar en su propio idioma, ser\u00e1 mucho mejor para ellos, destacaron los catedr\u00e1ticos en el panel.<\/span><\/p>\n<\/p>\n<p><span class=\"text1noticias\">Recordaron que anteriormente los niveles de rendimiento en Hait\u00ed en la Educaci\u00f3n Superior fueron muy apreciados, y en ese sentido indicaron que era preciso retomarla, reinventarla para que recobre su prestigio.<\/span><\/p>\n<\/p>\n<p><span class=\"text1noticias\">El evento que se extender\u00e1 hasta el pr\u00f3ximo viernes, se inici\u00f3 con las palabras de bienvenida de Marco Herrera, director ejecutivo de Funglode, considerada centro de pensamiento de Dominicana.<\/span><\/p>\n<\/p>\n<p><span class=\"text1noticias\">En los debates participaron Jean Claude Francois, secretario de Estado de Educaci\u00f3n Superior en Hait\u00ed; Yves Voltaire, rector de la Universidad Sur Lescayes, Jean Marie Theotat, profesor de la Universidad de la Sorbona de Par\u00eds, y el especialista en relaciones dom\u00ednicano-haitianas, Ronald Jean Jacques.<\/span><\/p>\n<\/p>\n<p><span class=\"text1noticias\">El panel \u00abLa Educaci\u00f3n Superior en Hait\u00ed\u00bb es el primero de tres que integran el programa de la Semana de la Educaci\u00f3n Superior, organizada por Funglode.<\/span><\/p>\n<\/p>\n<p><span class=\"text1noticias\">La actividad cont\u00f3 con la moderaci\u00f3n de la embajadora de la Rep\u00fablica Dominicana en Francia, doctora Laura Faxas.<\/span><\/p>\n<\/p>\n<p><span class=\"text1noticias\">Estuvieron presentes las ministras de Educaci\u00f3n Superior, Ciencia y Tecnolog\u00eda, Ligia Amada Melo, y de la Mujer, Alejandrina Germ\u00e1n, el ministro de la Juventud, Franklin Rodr\u00edguez, miembros del cuerpo diplom\u00e1tico en Rep\u00fablica Dominicana.<\/span><\/p>\n<\/p>\n<p><span class=\"text1noticias\">Tambi\u00e9n asistieron el rector de la Pontificia Universidad Cat\u00f3lica Madre y Maestra, Agripino N\u00fa\u00f1ez Collado, y estudiantes universitarios de ambos pa\u00edses<\/span>.<\/p>\n<\/p>\n<h6> 2012-01-11 14:31:03 <\/h6>\n<p><!--\n<link rel=\"stylesheet\" href=\"css\/bootstrap.min.css\">\n\n\n<ul class=\"pagination\">\n\t    \n\t\n\n<li >\n\t<a href='?page_no=18203'>Previous<\/a>\n\t<\/li>\n\n\n       \n    \n\n<li><a href='?page_no=1'>1<\/a><\/li>\n\n\n\n<li><a href='?page_no=2'>2<\/a><\/li>\n\n\n\n<li><a>...<\/a><\/li>\n\n\n\n<li><a href='?page_no=18202'>18202<\/a><\/li>\n\n\n\n<li><a href='?page_no=18203'>18203<\/a><\/li>\n\n\n\n<li class='active'><a>18204<\/a><\/li>\n\n\n\n<li><a href='?page_no=18205'>18205<\/a><\/li>\n\n\n\n<li><a href='?page_no=18206'>18206<\/a><\/li>\n\n\n\n<li><a>...<\/a><\/li>\n\n\n\n<li><a href='?page_no=22911'>22911<\/a><\/li>\n\n\n\n<li><a href='?page_no=22912'>22912<\/a><\/li>\n\n    \n\t\n\n<li >\n\t<a href='?page_no=18205'>Next<\/a>\n\t<\/li>\n\n\n    \n\n<li><a href='?page_no=22912'>Last &rsaquo;&rsaquo;<\/a><\/li>\n\n<\/ul>\n\n\n--><br \/>\n<\/body><\/p>\n","protected":false},"excerpt":{"rendered":"<p>Santo Domingo, 11 ene (PL) La Semana de la Educaci\u00f3n Superior en Dominicana abri\u00f3 sus discusiones con el panel sobre esa ense\u00f1anza en Hait\u00ed, evento encabezado por el presidente Leonel Fern\u00e1ndez. El encuentro que se realiza en la Fundaci\u00f3n Global Democracia y Desarrollo (Funglode) trata sobre las tendencias mundiales en la Ense\u00f1anza Superior. La jornada [&hellip;]<\/p>\n","protected":false},"author":3,"featured_media":0,"comment_status":"open","ping_status":"open","sticky":false,"template":"","format":"standard","meta":{"footnotes":""},"categories":[21],"tags":[],"class_list":["post-66526","post","type-post","status-publish","format-standard","hentry","category-cultura"],"_links":{"self":[{"href":"https:\/\/diariodominicano.com\/index.php?rest_route=\/wp\/v2\/posts\/66526","targetHints":{"allow":["GET"]}}],"collection":[{"href":"https:\/\/diariodominicano.com\/index.php?rest_route=\/wp\/v2\/posts"}],"about":[{"href":"https:\/\/diariodominicano.com\/index.php?rest_route=\/wp\/v2\/types\/post"}],"author":[{"embeddable":true,"href":"https:\/\/diariodominicano.com\/index.php?rest_route=\/wp\/v2\/users\/3"}],"replies":[{"embeddable":true,"href":"https:\/\/diariodominicano.com\/index.php?rest_route=%2Fwp%2Fv2%2Fcomments&post=66526"}],"version-history":[{"count":0,"href":"https:\/\/diariodominicano.com\/index.php?rest_route=\/wp\/v2\/posts\/66526\/revisions"}],"wp:attachment":[{"href":"https:\/\/diariodominicano.com\/index.php?rest_route=%2Fwp%2Fv2%2Fmedia&parent=66526"}],"wp:term":[{"taxonomy":"category","embeddable":true,"href":"https:\/\/diariodominicano.com\/index.php?rest_route=%2Fwp%2Fv2%2Fcategories&post=66526"},{"taxonomy":"post_tag","embeddable":true,"href":"https:\/\/diariodominicano.com\/index.php?rest_route=%2Fwp%2Fv2%2Ftags&post=66526"}],"curies":[{"name":"wp","href":"https:\/\/api.w.org\/{rel}","templated":true}]}}