{"id":66523,"date":"2012-01-11T17:32:02","date_gmt":"2012-01-11T17:32:02","guid":{"rendered":"http:\/\/diariodominicano.ddns.net\/?p=66523"},"modified":"2012-01-11T17:32:02","modified_gmt":"2012-01-11T17:32:02","slug":"minerd-rinde-homenaje-a-eugenio-maria-de-hostos","status":"publish","type":"post","link":"https:\/\/diariodominicano.com\/?p=66523","title":{"rendered":"MINERD rinde homenaje a Eugenio Mar\u00eda de Hostos"},"content":{"rendered":"<p><body><\/p>\n<p><img decoding=\"async\" src=\"img3\/Homenajes a Eugenio Maria de Hostos 3.jpg\" \/><br \/><img decoding=\"async\" src=\"img3\/Homenajes a Eugenio Maria de Hostos.jpg\" \/><br \/><img decoding=\"async\" src=\"img3\/Homenajes a Eugenio Maria de Hostos 1.jpg\" \/>  <\/p>\n<p><span class=\"text1noticias\">Santo Domingo, Rep. Dominicana, 11 enero 2012.- El Ministerio de Educaci\u00f3n (MINERD), a trav\u00e9s del Viceministerio de Cultura,  deposit\u00f3 este mi\u00e9rcoles una ofrenda floral en el Pante\u00f3n Nacional, con  motivo del 173 aniversario del natalicio del educador Eugenio Maria de  Hostos.<\/span><\/p>\n<p><span class=\"text1noticias\"> <\/span><\/p>\n<p><span class=\"text1noticias\">El viceministro Lus de Le\u00f3n destac\u00f3 que Hostos es un  paradigma de la educaci\u00f3n dominicana, que dej\u00f3 como legado el  principio pedag\u00f3gico de educar desde la concepci\u00f3n de un proyecto  pol\u00edtico-did\u00e1ctico liberador.<\/span><\/p>\n<p><span class=\"text1noticias\"> <\/span><\/p>\n<p><span class=\"text1noticias\">Resalt\u00f3 que es el padre de la educaci\u00f3n de Am\u00e9rica y  paradigma de la educaci\u00f3n, fundador de las escuelas normales en el  pa\u00eds.<\/span><\/p>\n<p><span class=\"text1noticias\"> <\/span><\/p>\n<p><span class=\"text1noticias\">De Le\u00f3n dijo que el MINERD, en su responsabilidad  acad\u00e9mica social de promover una educaci\u00f3n de calidad, rindi\u00f3 homenaje  al insigne patriota.<\/span><\/p>\n<p><span class=\"text1noticias\"> <\/span><\/p>\n<p><span class=\"text1noticias\">En el acto particip\u00f3, adem\u00e1s, el director de la Comisi\u00f3n Permanente de  Efem\u00e9rides Patrias (CPEP), Juan Daniel Balc\u00e1cer, as\u00ed como descendientes de Eugenio Mar\u00eda de Hostos.<\/span><\/p>\n<p><span class=\"text1noticias\"> <\/span><\/p>\n<p><span class=\"text1noticias\">Eugenio Mar\u00eda de Hostos se destac\u00f3 como pedagogo, pol\u00edtico,  soci\u00f3logo, moralista y escritor. <\/span><\/p>\n<\/p>\n<p><span class=\"text1noticias\">Aunque naci\u00f3 en Mayag\u00fcez, Puerto Rico, profes\u00f3 un gran amor y apego a la Rep\u00fablica Dominicana a tal unto que muri\u00f3 en Santo Domingo<\/span>.<\/p>\n<\/p>\n<p><span class=\"text1noticias\">Foto: Jos\u00e9 Ram\u00f3n Cuevas<\/span><\/p>\n<h6> 2012-01-11 17:32:02 <\/h6>\n<p><!--\n<link rel=\"stylesheet\" href=\"css\/bootstrap.min.css\">\n\n\n<ul class=\"pagination\">\n\t    \n\t\n\n<li >\n\t<a href='?page_no=18200'>Previous<\/a>\n\t<\/li>\n\n\n       \n    \n\n<li><a href='?page_no=1'>1<\/a><\/li>\n\n\n\n<li><a href='?page_no=2'>2<\/a><\/li>\n\n\n\n<li><a>...<\/a><\/li>\n\n\n\n<li><a href='?page_no=18199'>18199<\/a><\/li>\n\n\n\n<li><a href='?page_no=18200'>18200<\/a><\/li>\n\n\n\n<li class='active'><a>18201<\/a><\/li>\n\n\n\n<li><a href='?page_no=18202'>18202<\/a><\/li>\n\n\n\n<li><a href='?page_no=18203'>18203<\/a><\/li>\n\n\n\n<li><a>...<\/a><\/li>\n\n\n\n<li><a href='?page_no=22911'>22911<\/a><\/li>\n\n\n\n<li><a href='?page_no=22912'>22912<\/a><\/li>\n\n    \n\t\n\n<li >\n\t<a href='?page_no=18202'>Next<\/a>\n\t<\/li>\n\n\n    \n\n<li><a href='?page_no=22912'>Last &rsaquo;&rsaquo;<\/a><\/li>\n\n<\/ul>\n\n\n--><br \/>\n<\/body><\/p>\n","protected":false},"excerpt":{"rendered":"<p>Santo Domingo, Rep. Dominicana, 11 enero 2012.- El Ministerio de Educaci\u00f3n (MINERD), a trav\u00e9s del Viceministerio de Cultura, deposit\u00f3 este mi\u00e9rcoles una ofrenda floral en el Pante\u00f3n Nacional, con motivo del 173 aniversario del natalicio del educador Eugenio Maria de Hostos. El viceministro Lus de Le\u00f3n destac\u00f3 que Hostos es un paradigma de la educaci\u00f3n [&hellip;]<\/p>\n","protected":false},"author":3,"featured_media":0,"comment_status":"open","ping_status":"open","sticky":false,"template":"","format":"standard","meta":{"footnotes":""},"categories":[21],"tags":[],"class_list":["post-66523","post","type-post","status-publish","format-standard","hentry","category-cultura"],"_links":{"self":[{"href":"https:\/\/diariodominicano.com\/index.php?rest_route=\/wp\/v2\/posts\/66523","targetHints":{"allow":["GET"]}}],"collection":[{"href":"https:\/\/diariodominicano.com\/index.php?rest_route=\/wp\/v2\/posts"}],"about":[{"href":"https:\/\/diariodominicano.com\/index.php?rest_route=\/wp\/v2\/types\/post"}],"author":[{"embeddable":true,"href":"https:\/\/diariodominicano.com\/index.php?rest_route=\/wp\/v2\/users\/3"}],"replies":[{"embeddable":true,"href":"https:\/\/diariodominicano.com\/index.php?rest_route=%2Fwp%2Fv2%2Fcomments&post=66523"}],"version-history":[{"count":0,"href":"https:\/\/diariodominicano.com\/index.php?rest_route=\/wp\/v2\/posts\/66523\/revisions"}],"wp:attachment":[{"href":"https:\/\/diariodominicano.com\/index.php?rest_route=%2Fwp%2Fv2%2Fmedia&parent=66523"}],"wp:term":[{"taxonomy":"category","embeddable":true,"href":"https:\/\/diariodominicano.com\/index.php?rest_route=%2Fwp%2Fv2%2Fcategories&post=66523"},{"taxonomy":"post_tag","embeddable":true,"href":"https:\/\/diariodominicano.com\/index.php?rest_route=%2Fwp%2Fv2%2Ftags&post=66523"}],"curies":[{"name":"wp","href":"https:\/\/api.w.org\/{rel}","templated":true}]}}