{"id":66520,"date":"2012-01-11T20:14:48","date_gmt":"2012-01-11T20:14:48","guid":{"rendered":"http:\/\/diariodominicano.ddns.net\/?p=66520"},"modified":"2012-01-11T20:14:48","modified_gmt":"2012-01-11T20:14:48","slug":"santos-checo-expone-en-el-ii-encuentro-caribeno-de-pintores","status":"publish","type":"post","link":"https:\/\/diariodominicano.com\/?p=66520","title":{"rendered":"&#13;Santos Checo expone en el II Encuentro Caribe\u00f1o de Pintores"},"content":{"rendered":"<p><body><\/p>\n<p><img decoding=\"async\" src=\"img3\/santos checo.JPG\" \/>  <\/p>\n<p><span class=\"text1noticias\">BAYAMON, PUERTO RICO, 11 Ene 2012.-El artista pl\u00e1stico dominicano Santo Checo, particip\u00f3 en el Segundo Encuentro Caribe\u00f1o de Pintores que tuvo lugar en BAYAMON, Puerto Rico.<\/span><\/p>\n<\/p>\n<p><span class=\"text1noticias\">Carlos Agudelo organizador del evento, en su discurso de presentaci\u00f3n expres\u00f3 que \u00abeste evento viene a fortalecer los lazos culturales,  de nuestros pa\u00edses hermanos\u00bb. <\/span><\/p>\n<\/p>\n<p><span class=\"text1noticias\">En dicho evento, participaron artistas de Cuba, Puerto Rico y Rep\u00fablica Dominicana. En esta ocasi\u00f3n el pa\u00eds estuvo representado por los artistas Santos Checo y Arqu\u00edmedes Mej\u00eda.<\/span><\/p>\n<\/p>\n<p><strong><em><u><span class=\"text1noticias\">Santos Checo<\/span><\/u><\/em><\/strong><\/p>\n<\/p>\n<p><span class=\"text1noticias\">Nace en Santo Domingo, Rep\u00fablica Dominicana, en 1970. Egresado de la Escuela Nacional de Bellas Artes (ENBA) con Separaci\u00f3n de Campo en Pintura. Licenciado en Psicolog\u00eda Cl\u00ednica, realiz\u00f3 Post-grado en Psicoterapia Din\u00e1mica, ambos en la Universidad Aut\u00f3noma de Santo Domingo (UASD). En \u00e9sta ocasi\u00f3n participa con cinco obras en oleo sobre lienzo.  <\/span><\/p>\n<\/p>\n<p><span class=\"text1noticias\">Al encuentro  asistieron importantes personalidades, entre ellos figuras  notables de la vida cultural puertorrique\u00f1a e invitados especiales de los pa\u00edses participantes. Adem\u00e1s de artistas de varias disciplinas,  cr\u00edticos de arte, poetas y amantes del  mundo de las artes en general.<\/span><\/p>\n<p><span class=\"text1noticias\"> <\/span><\/p>\n<h6> 2012-01-11 20:14:48 <\/h6>\n<p><!--\n<link rel=\"stylesheet\" href=\"css\/bootstrap.min.css\">\n\n\n<ul class=\"pagination\">\n\t    \n\t\n\n<li >\n\t<a href='?page_no=18197'>Previous<\/a>\n\t<\/li>\n\n\n       \n    \n\n<li><a href='?page_no=1'>1<\/a><\/li>\n\n\n\n<li><a href='?page_no=2'>2<\/a><\/li>\n\n\n\n<li><a>...<\/a><\/li>\n\n\n\n<li><a href='?page_no=18196'>18196<\/a><\/li>\n\n\n\n<li><a href='?page_no=18197'>18197<\/a><\/li>\n\n\n\n<li class='active'><a>18198<\/a><\/li>\n\n\n\n<li><a href='?page_no=18199'>18199<\/a><\/li>\n\n\n\n<li><a href='?page_no=18200'>18200<\/a><\/li>\n\n\n\n<li><a>...<\/a><\/li>\n\n\n\n<li><a href='?page_no=22911'>22911<\/a><\/li>\n\n\n\n<li><a href='?page_no=22912'>22912<\/a><\/li>\n\n    \n\t\n\n<li >\n\t<a href='?page_no=18199'>Next<\/a>\n\t<\/li>\n\n\n    \n\n<li><a href='?page_no=22912'>Last &rsaquo;&rsaquo;<\/a><\/li>\n\n<\/ul>\n\n\n--><br \/>\n<\/body><\/p>\n","protected":false},"excerpt":{"rendered":"<p>BAYAMON, PUERTO RICO, 11 Ene 2012.-El artista pl\u00e1stico dominicano Santo Checo, particip\u00f3 en el Segundo Encuentro Caribe\u00f1o de Pintores que tuvo lugar en BAYAMON, Puerto Rico. Carlos Agudelo organizador del evento, en su discurso de presentaci\u00f3n expres\u00f3 que \u00abeste evento viene a fortalecer los lazos culturales, de nuestros pa\u00edses hermanos\u00bb. En dicho evento, participaron artistas [&hellip;]<\/p>\n","protected":false},"author":3,"featured_media":0,"comment_status":"open","ping_status":"open","sticky":false,"template":"","format":"standard","meta":{"footnotes":""},"categories":[21],"tags":[],"class_list":["post-66520","post","type-post","status-publish","format-standard","hentry","category-cultura"],"_links":{"self":[{"href":"https:\/\/diariodominicano.com\/index.php?rest_route=\/wp\/v2\/posts\/66520","targetHints":{"allow":["GET"]}}],"collection":[{"href":"https:\/\/diariodominicano.com\/index.php?rest_route=\/wp\/v2\/posts"}],"about":[{"href":"https:\/\/diariodominicano.com\/index.php?rest_route=\/wp\/v2\/types\/post"}],"author":[{"embeddable":true,"href":"https:\/\/diariodominicano.com\/index.php?rest_route=\/wp\/v2\/users\/3"}],"replies":[{"embeddable":true,"href":"https:\/\/diariodominicano.com\/index.php?rest_route=%2Fwp%2Fv2%2Fcomments&post=66520"}],"version-history":[{"count":0,"href":"https:\/\/diariodominicano.com\/index.php?rest_route=\/wp\/v2\/posts\/66520\/revisions"}],"wp:attachment":[{"href":"https:\/\/diariodominicano.com\/index.php?rest_route=%2Fwp%2Fv2%2Fmedia&parent=66520"}],"wp:term":[{"taxonomy":"category","embeddable":true,"href":"https:\/\/diariodominicano.com\/index.php?rest_route=%2Fwp%2Fv2%2Fcategories&post=66520"},{"taxonomy":"post_tag","embeddable":true,"href":"https:\/\/diariodominicano.com\/index.php?rest_route=%2Fwp%2Fv2%2Ftags&post=66520"}],"curies":[{"name":"wp","href":"https:\/\/api.w.org\/{rel}","templated":true}]}}