{"id":66519,"date":"2012-01-11T21:14:16","date_gmt":"2012-01-11T21:14:16","guid":{"rendered":"http:\/\/diariodominicano.ddns.net\/?p=66519"},"modified":"2012-01-11T21:14:16","modified_gmt":"2012-01-11T21:14:16","slug":"integran-a-museo-documentos-historicos-de-alfonso-moreno","status":"publish","type":"post","link":"https:\/\/diariodominicano.com\/?p=66519","title":{"rendered":"&#13;Integran a museo documentos hist\u00f3ricos de Alfonso Moreno"},"content":{"rendered":"<p><body><\/p>\n<p><img decoding=\"async\" src=\"img3\/Alfonso Moreno.JPG\" \/><br \/><img decoding=\"async\" src=\"img3\/Ligia entrega documental a Luis.JPG\" \/>  <\/p>\n<p><span class=\"text1noticias\">SANTO DOMINGO, 11 Ene 2012.-Familiares y amigos cercanos del fenecido  Alfonso Moreno Mart\u00ednez donaron al Museo Memorial de la Resistencia un libro y un documental sobre la vida de este empresario, pol\u00edtico, diplom\u00e1tico y ecologista pedromacorisano, que desde muy joven se integr\u00f3 a la lucha  antitrujillista.<\/span><\/p>\n<\/p>\n<p><span class=\"text1noticias\">La ceremonia de entrega del libro \u00abAlfonso Moreno Mart\u00ednez: una vida ejemplar\u00bb y el audiovisual \u00abHistoria y compromiso: Ligia Portalat\u00edn viuda Moreno, testimonio de una familia antitrujillista\u00bb, se llev\u00f3 a cabo en la sede del Museo, en la calle Arzobispo Meri\u00f1o n\u00famero 210, en la Ciudad Colonial.<\/span><\/p>\n<\/p>\n<p><span class=\"text1noticias\">Intervinieron el hijo de Don Alfonso, Jaime Moreno Portalat\u00edn, en representaci\u00f3n de la  familia; Luisa de Pe\u00f1a, directora del Museo; Jos\u00e9 Abiga\u00edl Cruz Infante, autor del libro, y Zaidy Zouany, productora general del documental.<\/span><\/p>\n<\/p>\n<p><span class=\"text1noticias\">El acto cont\u00f3 con la presencia de Do\u00f1a Ligia Portalat\u00edn viuda Moreno, sus hijos Jes\u00fas, Ana Ang\u00e9lica, Jaime y Jos\u00e9, as\u00ed como personalidades de la vida nacional e invitados especiales.<\/span><\/p>\n<\/p>\n<p><span class=\"text1noticias\">Jaime Moreno destac\u00f3 que ambos documentos hist\u00f3ricos resaltan el ejemplo de vida que representa Don Alfonso para la generaci\u00f3n de los a\u00f1os de 1960, y de los actuales momentos, en las diferentes facetas de l\u00edder juvenil, pol\u00edtico, empresario y  ecologista.<\/span><\/p>\n<\/p>\n<p><span class=\"text1noticias\">El libro, que consta de m\u00e1s de 150 p\u00e1ginas, se podr\u00e1 adquirir en la biblioteca del Museo de la Resistencia, que tiene a su cargo la distribuci\u00f3n, a fin de que sea conocido por escolares y visitantes. Los fondos  producto de la venta pasar\u00e1n a esa instituci\u00f3n para sus actividades educativas.<\/span><\/p>\n<\/p>\n<p><span class=\"text1noticias\">Mientras que el audiovisual, que tiene una duraci\u00f3n de 40 minutos, producido por la periodista Zaidy Zouain y editado por Franklin Soler,  recoge testimonios de la se\u00f1ora Ligia Portalat\u00edn viuda Moreno y de otros familiares de Don Alfonso.<\/span><\/p>\n<\/p>\n<p><span class=\"text1noticias\">Este documental constituye un legado de alto valor hist\u00f3rico sobre  los padecimientos de una familia dominicana que adversaba al r\u00e9gimen de Trujillo. La familia Moreno Mart\u00ednez sufri\u00f3 el asesinato de uno de los hermanos a la edad de 26 a\u00f1os, casi graduado de la carrera de Derecho.<\/span><\/p>\n<\/p>\n<p><strong><em><u><span class=\"text1noticias\">Sobre don Alfonso Moreno Mart\u00ednez<\/span><\/u><\/em><\/strong><\/p>\n<p><span class=\"text1noticias\"> <\/span><\/p>\n<p><span class=\"text1noticias\">El doctor Alfonso Moreno Mart\u00ednez naci\u00f3 el 8 de diciembre de 1922, en San Francisco de Macor\u00eds; se grad\u00fao de doctor en derecho en la Universidad de Santo Domingo y cas\u00f3 con Ligia Portalat\u00edn, con quien procre\u00f3 a Jes\u00fas, Ana Ang\u00e9lica, Jaime y Jos\u00e9.<\/span><\/p>\n<\/p>\n<p><span class=\"text1noticias\">Fue fundador del Partido Revolucionario Social Cristiano (PRSC), en 1961, de las empresas Helados Bon, Bon Agroindustrial y de la Fundaci\u00f3n Loma Quita Espuela, en San Francisco de Macor\u00eds.<\/span><\/p>\n<\/p>\n<p><span class=\"text1noticias\">Adem\u00e1s, fue candidato a la Presidencia de la Republica  en las primeras elecciones libres  luego de la ca\u00edda del r\u00e9gimen de Trujillo. Impactados  por  la muerte  de uno de sus hermanos, los tres sobrevivientes  se asilaron en las embajadas de Venezuela, Ecuador y  Brasil.<\/span><\/p>\n<\/p>\n<p><span class=\"text1noticias\">Al doctor Alfonso Moreno Mart\u00ednez le fue negado el t\u00edtulo universitario.  El casi abogado  criticaba impl\u00edcitamente el sistema eminentemente unilateral de tenencia de tierras imperante en el pa\u00eds.<\/span><\/p>\n<\/p>\n<p><span class=\"text1noticias\">M\u00e1s tarde imparti\u00f3 docencia en la Universidad Aut\u00f3noma de Santo Domingo (UASD), y en la actualidad un tramo de una importante calle del sector de Arroyo Hondo lleva su nombre.<\/span><\/p>\n<\/p>\n<h6> 2012-01-11 21:14:16 <\/h6>\n<p><!--\n<link rel=\"stylesheet\" href=\"css\/bootstrap.min.css\">\n\n\n<ul class=\"pagination\">\n\t    \n\t\n\n<li >\n\t<a href='?page_no=18196'>Previous<\/a>\n\t<\/li>\n\n\n       \n    \n\n<li><a href='?page_no=1'>1<\/a><\/li>\n\n\n\n<li><a href='?page_no=2'>2<\/a><\/li>\n\n\n\n<li><a>...<\/a><\/li>\n\n\n\n<li><a href='?page_no=18195'>18195<\/a><\/li>\n\n\n\n<li><a href='?page_no=18196'>18196<\/a><\/li>\n\n\n\n<li class='active'><a>18197<\/a><\/li>\n\n\n\n<li><a href='?page_no=18198'>18198<\/a><\/li>\n\n\n\n<li><a href='?page_no=18199'>18199<\/a><\/li>\n\n\n\n<li><a>...<\/a><\/li>\n\n\n\n<li><a href='?page_no=22911'>22911<\/a><\/li>\n\n\n\n<li><a href='?page_no=22912'>22912<\/a><\/li>\n\n    \n\t\n\n<li >\n\t<a href='?page_no=18198'>Next<\/a>\n\t<\/li>\n\n\n    \n\n<li><a href='?page_no=22912'>Last &rsaquo;&rsaquo;<\/a><\/li>\n\n<\/ul>\n\n\n--><br \/>\n<\/body><\/p>\n","protected":false},"excerpt":{"rendered":"<p>SANTO DOMINGO, 11 Ene 2012.-Familiares y amigos cercanos del fenecido Alfonso Moreno Mart\u00ednez donaron al Museo Memorial de la Resistencia un libro y un documental sobre la vida de este empresario, pol\u00edtico, diplom\u00e1tico y ecologista pedromacorisano, que desde muy joven se integr\u00f3 a la lucha antitrujillista. La ceremonia de entrega del libro \u00abAlfonso Moreno Mart\u00ednez: [&hellip;]<\/p>\n","protected":false},"author":3,"featured_media":0,"comment_status":"open","ping_status":"open","sticky":false,"template":"","format":"standard","meta":{"footnotes":""},"categories":[21],"tags":[],"class_list":["post-66519","post","type-post","status-publish","format-standard","hentry","category-cultura"],"_links":{"self":[{"href":"https:\/\/diariodominicano.com\/index.php?rest_route=\/wp\/v2\/posts\/66519","targetHints":{"allow":["GET"]}}],"collection":[{"href":"https:\/\/diariodominicano.com\/index.php?rest_route=\/wp\/v2\/posts"}],"about":[{"href":"https:\/\/diariodominicano.com\/index.php?rest_route=\/wp\/v2\/types\/post"}],"author":[{"embeddable":true,"href":"https:\/\/diariodominicano.com\/index.php?rest_route=\/wp\/v2\/users\/3"}],"replies":[{"embeddable":true,"href":"https:\/\/diariodominicano.com\/index.php?rest_route=%2Fwp%2Fv2%2Fcomments&post=66519"}],"version-history":[{"count":0,"href":"https:\/\/diariodominicano.com\/index.php?rest_route=\/wp\/v2\/posts\/66519\/revisions"}],"wp:attachment":[{"href":"https:\/\/diariodominicano.com\/index.php?rest_route=%2Fwp%2Fv2%2Fmedia&parent=66519"}],"wp:term":[{"taxonomy":"category","embeddable":true,"href":"https:\/\/diariodominicano.com\/index.php?rest_route=%2Fwp%2Fv2%2Fcategories&post=66519"},{"taxonomy":"post_tag","embeddable":true,"href":"https:\/\/diariodominicano.com\/index.php?rest_route=%2Fwp%2Fv2%2Ftags&post=66519"}],"curies":[{"name":"wp","href":"https:\/\/api.w.org\/{rel}","templated":true}]}}