{"id":66517,"date":"2012-01-12T13:29:59","date_gmt":"2012-01-12T13:29:59","guid":{"rendered":"http:\/\/diariodominicano.ddns.net\/?p=66517"},"modified":"2012-01-12T13:29:59","modified_gmt":"2012-01-12T13:29:59","slug":"mandatario-afirma-universidades-latinoamericanas-deben-ser-adaptadas-a-sus-realidades","status":"publish","type":"post","link":"https:\/\/diariodominicano.com\/?p=66517","title":{"rendered":"Mandatario afirma universidades latinoamericanas deben ser adaptadas a sus realidades"},"content":{"rendered":"<p><body><\/p>\n<p><img decoding=\"async\" src=\"img3\/LF y prensa.jpg\" \/>  <\/p>\n<p><span class=\"text1noticias\">Santo Domingo, Rep. Dominicana, 12 enero 2012.- El presidente Leonel Fern\u00e1ndez afirm\u00f3 que las universidades latinoamericanas hay que verlas en un contexto mundial y adaptarlas a sus realidades, a la vez que resalt\u00f3 el avance en los centros de estudios superiores de la Rep\u00fablica Dominicana.<\/span><\/p>\n<\/p>\n<p><span class=\"text1noticias\">Las consideraciones del primer mandatario se produjeron este mi\u00e9rcoles en el panel sobre \u00abRanking de las Universidades Latinoamericanas\u00bb, celebrado en la Fundaci\u00f3n Global Democracia y Desarrollo (FUNGLODE).<\/span><\/p>\n<\/p>\n<p><span class=\"text1noticias\">Agreg\u00f3 que las universidades de Am\u00e9rica Latina no est\u00e1n dentro del ranking mundial de calificaciones universitarias, porque solo se dedican a la docencia y no investigan.<\/span><\/p>\n<\/p>\n<p><span class=\"text1noticias\">En ese sentido, el jefe de Estado propuso la internacionalizaci\u00f3n del conocimiento con estudiantes y profesores que salgan al exterior, y que los extranjeros vengan a nuestro pa\u00eds, as\u00ed como el uso de las tecnolog\u00edas en la difusi\u00f3n del conocimiento y  la construcci\u00f3n de una referencia e indicadores para mejorar la calidad en la educaci\u00f3n superior.<\/span><\/p>\n<\/p>\n<p><span class=\"text1noticias\">\u00abCuando se habla de los temas de los rankings universitarios, se plantea la forma de enfocar, la metodolog\u00eda de la investigaci\u00f3n utilizada\u00bb, expres\u00f3 el presidente Fern\u00e1ndez.<\/span><\/p>\n<\/p>\n<p><span class=\"text1noticias\">Manifest\u00f3 que dentro de ese contexto, hay que tomar en cuenta a las universidades latinoamericanas de mayor prestigio, en relaci\u00f3n con las que son de clase mundial.<\/span><\/p>\n<\/p>\n<p><span class=\"text1noticias\">Fern\u00e1ndez dijo que los indicadores que se toman de referencia para establecer los rankings pueden servir para definir los objetivos de nuestras universidades.<\/span><\/p>\n<\/p>\n<p><span class=\"text1noticias\">Explic\u00f3 que es importante ver el criterio y la metodolog\u00eda con que se construyen los indicadores de investigaci\u00f3n de las instituciones que establecen los rankings, para saber en qu\u00e9 forma se puede avanzar.<\/span><\/p>\n<\/p>\n<p><span class=\"text1noticias\">Manifest\u00f3 que hay que construir una referencia de las naciones m\u00e1s avanzadas, tomando en  cuenta nuestras realidades. Dijo  que si las universidades latinoamericanas no est\u00e1n en los rankings de calificaci\u00f3n, es porque no se lo han propuesto como tarea, porque el conocimiento existe.<\/span><\/p>\n<\/p>\n<p><span class=\"text1noticias\">El doctor Fern\u00e1ndez estuvo acompa\u00f1ado de la Primera Dama de la Rep\u00fablica, doctora Margarita Cede\u00f1o de Fern\u00e1ndez.<\/span><\/p>\n<\/p>\n<p><span class=\"text1noticias\">En el panel participaron Michael Gallague, Manolo Dorico y Radham\u00e9s Mej\u00eda, quienes coincidieron en se\u00f1alar que las investigaciones de rankings sobre educaci\u00f3n superior son hechas por situaciones muy espec\u00edficas<\/span>.<\/p>\n<h6> 2012-01-12 13:29:59 <\/h6>\n<p><!--\n<link rel=\"stylesheet\" href=\"css\/bootstrap.min.css\">\n\n\n<ul class=\"pagination\">\n\t    \n\t\n\n<li >\n\t<a href='?page_no=18194'>Previous<\/a>\n\t<\/li>\n\n\n       \n    \n\n<li><a href='?page_no=1'>1<\/a><\/li>\n\n\n\n<li><a href='?page_no=2'>2<\/a><\/li>\n\n\n\n<li><a>...<\/a><\/li>\n\n\n\n<li><a href='?page_no=18193'>18193<\/a><\/li>\n\n\n\n<li><a href='?page_no=18194'>18194<\/a><\/li>\n\n\n\n<li class='active'><a>18195<\/a><\/li>\n\n\n\n<li><a href='?page_no=18196'>18196<\/a><\/li>\n\n\n\n<li><a href='?page_no=18197'>18197<\/a><\/li>\n\n\n\n<li><a>...<\/a><\/li>\n\n\n\n<li><a href='?page_no=22911'>22911<\/a><\/li>\n\n\n\n<li><a href='?page_no=22912'>22912<\/a><\/li>\n\n    \n\t\n\n<li >\n\t<a href='?page_no=18196'>Next<\/a>\n\t<\/li>\n\n\n    \n\n<li><a href='?page_no=22912'>Last &rsaquo;&rsaquo;<\/a><\/li>\n\n<\/ul>\n\n\n--><br \/>\n<\/body><\/p>\n","protected":false},"excerpt":{"rendered":"<p>Santo Domingo, Rep. Dominicana, 12 enero 2012.- El presidente Leonel Fern\u00e1ndez afirm\u00f3 que las universidades latinoamericanas hay que verlas en un contexto mundial y adaptarlas a sus realidades, a la vez que resalt\u00f3 el avance en los centros de estudios superiores de la Rep\u00fablica Dominicana. Las consideraciones del primer mandatario se produjeron este mi\u00e9rcoles en [&hellip;]<\/p>\n","protected":false},"author":3,"featured_media":0,"comment_status":"open","ping_status":"open","sticky":false,"template":"","format":"standard","meta":{"footnotes":""},"categories":[21],"tags":[],"class_list":["post-66517","post","type-post","status-publish","format-standard","hentry","category-cultura"],"_links":{"self":[{"href":"https:\/\/diariodominicano.com\/index.php?rest_route=\/wp\/v2\/posts\/66517","targetHints":{"allow":["GET"]}}],"collection":[{"href":"https:\/\/diariodominicano.com\/index.php?rest_route=\/wp\/v2\/posts"}],"about":[{"href":"https:\/\/diariodominicano.com\/index.php?rest_route=\/wp\/v2\/types\/post"}],"author":[{"embeddable":true,"href":"https:\/\/diariodominicano.com\/index.php?rest_route=\/wp\/v2\/users\/3"}],"replies":[{"embeddable":true,"href":"https:\/\/diariodominicano.com\/index.php?rest_route=%2Fwp%2Fv2%2Fcomments&post=66517"}],"version-history":[{"count":0,"href":"https:\/\/diariodominicano.com\/index.php?rest_route=\/wp\/v2\/posts\/66517\/revisions"}],"wp:attachment":[{"href":"https:\/\/diariodominicano.com\/index.php?rest_route=%2Fwp%2Fv2%2Fmedia&parent=66517"}],"wp:term":[{"taxonomy":"category","embeddable":true,"href":"https:\/\/diariodominicano.com\/index.php?rest_route=%2Fwp%2Fv2%2Fcategories&post=66517"},{"taxonomy":"post_tag","embeddable":true,"href":"https:\/\/diariodominicano.com\/index.php?rest_route=%2Fwp%2Fv2%2Ftags&post=66517"}],"curies":[{"name":"wp","href":"https:\/\/api.w.org\/{rel}","templated":true}]}}