{"id":66516,"date":"2012-01-12T13:34:53","date_gmt":"2012-01-12T13:34:53","guid":{"rendered":"http:\/\/diariodominicano.ddns.net\/?p=66516"},"modified":"2012-01-12T13:34:53","modified_gmt":"2012-01-12T13:34:53","slug":"cultura-inicia-el-ano-con-maraton-literario","status":"publish","type":"post","link":"https:\/\/diariodominicano.com\/?p=66516","title":{"rendered":"Cultura inicia el a\u00f1o con Marat\u00f3n Literario"},"content":{"rendered":"<p><body><\/p>\n<p><span class=\"text1noticias\">Santo Domingo, RD 12 enero.- El Ministerio de Cultura celebr\u00f3 el Marat\u00f3n Literario \u00abLetras Libres\u00bb, en la Librer\u00eda de Cultura, de la calle Las Atarazanas.<\/span><\/p>\n<\/p>\n<p><span class=\"text1noticias\">El encuentro cont\u00f3 con la participaci\u00f3n de 28 escritores de Santo Domingo, los cuales leyeron sus textos en una jornada de tres horas consecutivas, como bienvenida al a\u00f1o 2012. <\/span><\/p>\n<\/p>\n<p><span class=\"text1noticias\">Valent\u00edn Amaro, gerente de dicha librer\u00eda, anunci\u00f3 que \u00abdesde la segunda quincena de enero, ser\u00e1 desarrollada una programaci\u00f3n cultural en la entidad que incluir\u00e1 talleres literarios, presentaciones de libros, lecturas, encuentros con escritores, cinef\u00f3rum y tertulias literarias\u00bb.<\/span><\/p>\n<\/p>\n<p><span class=\"text1noticias\">\u00abEste espacio es para y del escritor dominicano, el cual, adem\u00e1s de tener la oportunidad de exhibir y vender sus obras sin costo alguno, podr\u00e1 disfrutar de una variada oferta cultural durante todo el a\u00f1o\u00bb, agreg\u00f3 Amaro.<\/span><\/p>\n<\/p>\n<p><span class=\"text1noticias\">Los escritores participantes fueron Manuel Salvador Gautier, Alejandro Aguilar, Alexei Teller\u00edas, Valent\u00edn Amaro, Luis Reynaldo P\u00e9rez, Camelia Michel, Ricardo Cabrera, Fl\u00e9rida Gonz\u00e1lez, H\u00e9ctor Santana, F\u00e9lix Pichardo, y Francis Santos.<\/span><\/p>\n<\/p>\n<p><span class=\"text1noticias\">Tambi\u00e9n, Lady Laura Liriano, Antonio Reyes Sena, Vicente Arturo Pichardo, Aracelys Mireles, Fernando Berroa, Elayne Abreu, Romina Bayo, Mois\u00e9s Santana, Adalberto Morillo, Andri Alba Pichardo y Deisy Toussaint, entre otros<\/span>.<\/p>\n<\/p>\n<\/p>\n<h6> 2012-01-12 13:34:53 <\/h6>\n<p><!--\n<link rel=\"stylesheet\" href=\"css\/bootstrap.min.css\">\n\n\n<ul class=\"pagination\">\n\t    \n\t\n\n<li >\n\t<a href='?page_no=18193'>Previous<\/a>\n\t<\/li>\n\n\n       \n    \n\n<li><a href='?page_no=1'>1<\/a><\/li>\n\n\n\n<li><a href='?page_no=2'>2<\/a><\/li>\n\n\n\n<li><a>...<\/a><\/li>\n\n\n\n<li><a href='?page_no=18192'>18192<\/a><\/li>\n\n\n\n<li><a href='?page_no=18193'>18193<\/a><\/li>\n\n\n\n<li class='active'><a>18194<\/a><\/li>\n\n\n\n<li><a href='?page_no=18195'>18195<\/a><\/li>\n\n\n\n<li><a href='?page_no=18196'>18196<\/a><\/li>\n\n\n\n<li><a>...<\/a><\/li>\n\n\n\n<li><a href='?page_no=22911'>22911<\/a><\/li>\n\n\n\n<li><a href='?page_no=22912'>22912<\/a><\/li>\n\n    \n\t\n\n<li >\n\t<a href='?page_no=18195'>Next<\/a>\n\t<\/li>\n\n\n    \n\n<li><a href='?page_no=22912'>Last &rsaquo;&rsaquo;<\/a><\/li>\n\n<\/ul>\n\n\n--><br \/>\n<\/body><\/p>\n","protected":false},"excerpt":{"rendered":"<p>Santo Domingo, RD 12 enero.- El Ministerio de Cultura celebr\u00f3 el Marat\u00f3n Literario \u00abLetras Libres\u00bb, en la Librer\u00eda de Cultura, de la calle Las Atarazanas. El encuentro cont\u00f3 con la participaci\u00f3n de 28 escritores de Santo Domingo, los cuales leyeron sus textos en una jornada de tres horas consecutivas, como bienvenida al a\u00f1o 2012. Valent\u00edn [&hellip;]<\/p>\n","protected":false},"author":3,"featured_media":0,"comment_status":"open","ping_status":"open","sticky":false,"template":"","format":"standard","meta":{"footnotes":""},"categories":[21],"tags":[],"class_list":["post-66516","post","type-post","status-publish","format-standard","hentry","category-cultura"],"_links":{"self":[{"href":"https:\/\/diariodominicano.com\/index.php?rest_route=\/wp\/v2\/posts\/66516","targetHints":{"allow":["GET"]}}],"collection":[{"href":"https:\/\/diariodominicano.com\/index.php?rest_route=\/wp\/v2\/posts"}],"about":[{"href":"https:\/\/diariodominicano.com\/index.php?rest_route=\/wp\/v2\/types\/post"}],"author":[{"embeddable":true,"href":"https:\/\/diariodominicano.com\/index.php?rest_route=\/wp\/v2\/users\/3"}],"replies":[{"embeddable":true,"href":"https:\/\/diariodominicano.com\/index.php?rest_route=%2Fwp%2Fv2%2Fcomments&post=66516"}],"version-history":[{"count":0,"href":"https:\/\/diariodominicano.com\/index.php?rest_route=\/wp\/v2\/posts\/66516\/revisions"}],"wp:attachment":[{"href":"https:\/\/diariodominicano.com\/index.php?rest_route=%2Fwp%2Fv2%2Fmedia&parent=66516"}],"wp:term":[{"taxonomy":"category","embeddable":true,"href":"https:\/\/diariodominicano.com\/index.php?rest_route=%2Fwp%2Fv2%2Fcategories&post=66516"},{"taxonomy":"post_tag","embeddable":true,"href":"https:\/\/diariodominicano.com\/index.php?rest_route=%2Fwp%2Fv2%2Ftags&post=66516"}],"curies":[{"name":"wp","href":"https:\/\/api.w.org\/{rel}","templated":true}]}}