{"id":66514,"date":"2012-01-12T14:45:11","date_gmt":"2012-01-12T14:45:11","guid":{"rendered":"http:\/\/diariodominicano.ddns.net\/?p=66514"},"modified":"2012-01-12T14:45:11","modified_gmt":"2012-01-12T14:45:11","slug":"museo-de-arte-moderno-de-nueva-york-exhibira-cuatro-filmes-latinoamericanos","status":"publish","type":"post","link":"https:\/\/diariodominicano.com\/?p=66514","title":{"rendered":"Museo de Arte Moderno de Nueva York exhibir\u00e1 cuatro filmes latinoamericanos"},"content":{"rendered":"<p><body><\/p>\n<p><span class=\"text1noticias\">Nueva York,12 enero.- Diez pel\u00edculas, cuatro de ellas latinoamericanas, se presentar\u00e1n del 12 al 28 de enero en el Museo de Arte Moderno (MoMa) de Nueva York como parte de la serie Global Lens, una colaboraci\u00f3n entre esa entidad y el Global Film Institute (GFI), una organizaci\u00f3n sin \u00e1nimo de lucro con sede en Estados Unidos.<\/span><\/p>\n<\/p>\n<p><span class=\"text1noticias\">Los cin\u00e9filos disfrutar\u00e1n de filmes procedentes de Albania, Argentina, Brasil, Colombia, Ir\u00e1n, Irak, M\u00e9xico, Marruecos, Ruanda y Turqu\u00eda como parte de este programa de colaboraci\u00f3n creado para apoyar la producci\u00f3n de cine en pa\u00edses con cinematograf\u00eda en desarrollo, se\u00f1ala hoy un comunicado de prensa de GFI.<\/span><\/p>\n<\/p>\n<p><span class=\"text1noticias\">Indica adem\u00e1s que tres de los cuatro largometrajes latinoamericanos, \u00abEl premio\u00bb, de Paula Markovitch, una producci\u00f3n de M\u00e9xico y Argentina; \u00abEl dedo\u00bb, de Sergio Teubal (Argentina), y \u00abGordo, calvo y bajito\u00bb, de Carlos Osuna (Colombia), tendr\u00e1n su estreno en Nueva York, donde junto con \u00abRiscado\u00bb, de Gustavo Pizzi (Brasil), ser\u00e1n la representaci\u00f3n del continente en el festival.<\/span><\/p>\n<\/p>\n<p><span class=\"text1noticias\">Varios de los directores de los filmes viajar\u00e1n a Nueva York para la presentaci\u00f3n de sus proyectos.<\/span><\/p>\n<\/p>\n<p><span class=\"text1noticias\">\u00abEl premio\u00bb, la pel\u00edcula mexicana m\u00e1s galardonada de 2011, y \u00abMejor pel\u00edcula\u00bb del pasado Festival de Cine de Morelia (M\u00e9xico), cuenta la historia de una ansiosa joven madre y su precoz hija que huyen de la ciudad argentina de Buenos Aires para vivir en aislamiento temporal en una casa destartalada en una remota playa de las costas del pa\u00eds sure\u00f1o.<\/span><\/p>\n<\/p>\n<p><span class=\"text1noticias\">Su vida en escondite se pone en riesgo tras la selecci\u00f3n de su hija para participar en un patri\u00f3tico concurso de redacci\u00f3n en su escuela.<\/span><\/p>\n<\/p>\n<p><span class=\"text1noticias\">En este filme, que remonta al p\u00fablico a los a\u00f1os de dictadura en Argentina y su famosa guerra sucia (1975-1983), la directora Paula Markovitch recurre a sus experiencias para capturar las carencias de los mundos sociales y psicol\u00f3gicos de la infancia.<\/span><\/p>\n<\/p>\n<p><span class=\"text1noticias\">La dictadura militar argentina tambi\u00e9n es el escenario en el filme de Teubal, que se centra en el dedo amputado de un respetado l\u00edder local para indicar \u00abel buen camino hacia la democracia en un pueblo enfrentado por el fraude electoral y la intimidaci\u00f3n\u00bb, se\u00f1ala adem\u00e1s el comunicado.<\/span><\/p>\n<\/p>\n<p><span class=\"text1noticias\">\u00abEl dedo\u00bb, una comedia dram\u00e1tica, est\u00e1 inspirada en hechos reales y se burla de las costumbres de un pueblo peque\u00f1o a la vez que celebra el nacimiento de verdaderos valores democr\u00e1ticos.<\/span><\/p>\n<\/p>\n<p><span class=\"text1noticias\">Mientras que en \u00abGordo, calvo y bajito\u00bb, un largometraje de animaci\u00f3n, las posibilidades para \u00abAntonio\u00bb, un notario p\u00fablico solitario de edad media, cambian de repente al unirse a un grupo de superaci\u00f3n personal.<\/span><\/p>\n<\/p>\n<p><span class=\"text1noticias\">En \u00abRiscado\u00bb, Pizzi presenta a \u00abBianca\u00bb, una actriz en ciernes e imitadora de celebridades, quien consigue una audici\u00f3n en lo que podr\u00eda ser la oportunidad de su vida.<\/span><\/p>\n<\/p>\n<p><span class=\"text1noticias\">El director de la audici\u00f3n se fascina tanto con ella que cambia la trama de su pel\u00edcula para incorporar la vida real de \u00abBianca\u00bb, a quien da vida la actriz Karine Trelles, coautora del gui\u00f3n.<\/span><\/p>\n<\/p>\n<p><span class=\"text1noticias\">Tras culminar su presentaci\u00f3n en Nueva York, el ciclo de cine itinerante Global Lens 2012, en su novena edici\u00f3n, continuar\u00e1 en una gira que le llevar\u00e1 a m\u00e1s de 50 ciudades en EE.UU.<\/span><\/p>\n<\/p>\n<p><span class=\"text1noticias\">Global Film Initiative (www.globalfilm.org), fundada en 2002 para promover el entendimiento intercultural a trav\u00e9s del lenguaje del cine, otorga becas cada a\u00f1o a destacados cineastas de todo el mundo y apoya la serie de cine itinerante Global Lens<\/span>. <\/p>\n<\/p>\n<h6> 2012-01-12 14:45:11 <\/h6>\n<p><!--\n<link rel=\"stylesheet\" href=\"css\/bootstrap.min.css\">\n\n\n<ul class=\"pagination\">\n\t    \n\t\n\n<li >\n\t<a href='?page_no=18191'>Previous<\/a>\n\t<\/li>\n\n\n       \n    \n\n<li><a href='?page_no=1'>1<\/a><\/li>\n\n\n\n<li><a href='?page_no=2'>2<\/a><\/li>\n\n\n\n<li><a>...<\/a><\/li>\n\n\n\n<li><a href='?page_no=18190'>18190<\/a><\/li>\n\n\n\n<li><a href='?page_no=18191'>18191<\/a><\/li>\n\n\n\n<li class='active'><a>18192<\/a><\/li>\n\n\n\n<li><a href='?page_no=18193'>18193<\/a><\/li>\n\n\n\n<li><a href='?page_no=18194'>18194<\/a><\/li>\n\n\n\n<li><a>...<\/a><\/li>\n\n\n\n<li><a href='?page_no=22911'>22911<\/a><\/li>\n\n\n\n<li><a href='?page_no=22912'>22912<\/a><\/li>\n\n    \n\t\n\n<li >\n\t<a href='?page_no=18193'>Next<\/a>\n\t<\/li>\n\n\n    \n\n<li><a href='?page_no=22912'>Last &rsaquo;&rsaquo;<\/a><\/li>\n\n<\/ul>\n\n\n--><br \/>\n<\/body><\/p>\n","protected":false},"excerpt":{"rendered":"<p>Nueva York,12 enero.- Diez pel\u00edculas, cuatro de ellas latinoamericanas, se presentar\u00e1n del 12 al 28 de enero en el Museo de Arte Moderno (MoMa) de Nueva York como parte de la serie Global Lens, una colaboraci\u00f3n entre esa entidad y el Global Film Institute (GFI), una organizaci\u00f3n sin \u00e1nimo de lucro con sede en Estados [&hellip;]<\/p>\n","protected":false},"author":3,"featured_media":0,"comment_status":"open","ping_status":"open","sticky":false,"template":"","format":"standard","meta":{"footnotes":""},"categories":[21],"tags":[],"class_list":["post-66514","post","type-post","status-publish","format-standard","hentry","category-cultura"],"_links":{"self":[{"href":"https:\/\/diariodominicano.com\/index.php?rest_route=\/wp\/v2\/posts\/66514","targetHints":{"allow":["GET"]}}],"collection":[{"href":"https:\/\/diariodominicano.com\/index.php?rest_route=\/wp\/v2\/posts"}],"about":[{"href":"https:\/\/diariodominicano.com\/index.php?rest_route=\/wp\/v2\/types\/post"}],"author":[{"embeddable":true,"href":"https:\/\/diariodominicano.com\/index.php?rest_route=\/wp\/v2\/users\/3"}],"replies":[{"embeddable":true,"href":"https:\/\/diariodominicano.com\/index.php?rest_route=%2Fwp%2Fv2%2Fcomments&post=66514"}],"version-history":[{"count":0,"href":"https:\/\/diariodominicano.com\/index.php?rest_route=\/wp\/v2\/posts\/66514\/revisions"}],"wp:attachment":[{"href":"https:\/\/diariodominicano.com\/index.php?rest_route=%2Fwp%2Fv2%2Fmedia&parent=66514"}],"wp:term":[{"taxonomy":"category","embeddable":true,"href":"https:\/\/diariodominicano.com\/index.php?rest_route=%2Fwp%2Fv2%2Fcategories&post=66514"},{"taxonomy":"post_tag","embeddable":true,"href":"https:\/\/diariodominicano.com\/index.php?rest_route=%2Fwp%2Fv2%2Ftags&post=66514"}],"curies":[{"name":"wp","href":"https:\/\/api.w.org\/{rel}","templated":true}]}}