{"id":66512,"date":"2012-01-12T15:25:57","date_gmt":"2012-01-12T15:25:57","guid":{"rendered":"http:\/\/diariodominicano.ddns.net\/?p=66512"},"modified":"2012-01-12T15:25:57","modified_gmt":"2012-01-12T15:25:57","slug":"suena-celular-y-la-filarmonica-de-nueva-york-se-detiene","status":"publish","type":"post","link":"https:\/\/diariodominicano.com\/?p=66512","title":{"rendered":"Suena celular y la Filarm\u00f3nica de Nueva York se detiene"},"content":{"rendered":"<p><body><\/p>\n<p><span class=\"text1noticias\">Nueva York, 12 enero.- Es el sonido m\u00e1s temido en cualquier espect\u00e1culo en vivo: el de un tel\u00e9fono celular.<\/span><\/p>\n<\/p>\n<p><span class=\"text1noticias\">La Filarm\u00f3nica de Nueva York ejecutaba el \u00faltimo movimiento de la Novena Sinfon\u00eda de Mahler el martes por la noche en la sala Avery Fisher del Lincoln Center neoyorquino. El director Alan Gilbert tuvo que detener el concierto hasta que el celular dej\u00f3 de sonar.<\/span><\/p>\n<\/p>\n<p><span class=\"text1noticias\">El peri\u00f3dico Wall Street Journal (http:\/\/on.wsj.com\/xvTkcr) inform\u00f3 que al escucharse el tono \u00abMarimba\u00bb caracter\u00edstico de un iPhone, Gilbert gir\u00f3 la cabeza con fastidio, pero el tel\u00e9fono en la primera fila segu\u00eda sonando y pasaban los minutos.<\/span><\/p>\n<\/p>\n<p><span class=\"text1noticias\">Gilbert pidi\u00f3 que se apagara el tel\u00e9fono y finalmente detuvo a la orquesta hasta que el sonido ces\u00f3.<\/span><\/p>\n<\/p>\n<p><span class=\"text1noticias\">La Filarm\u00f3nica dijo que era la primera vez que el director interrump\u00eda una ejecuci\u00f3n debido a un tel\u00e9fono celular u otro ruido molesto<\/span>.<\/p>\n<\/p>\n<h6> 2012-01-12 15:25:57 <\/h6>\n<p><!--\n<link rel=\"stylesheet\" href=\"css\/bootstrap.min.css\">\n\n\n<ul class=\"pagination\">\n\t    \n\t\n\n<li >\n\t<a href='?page_no=18189'>Previous<\/a>\n\t<\/li>\n\n\n       \n    \n\n<li><a href='?page_no=1'>1<\/a><\/li>\n\n\n\n<li><a href='?page_no=2'>2<\/a><\/li>\n\n\n\n<li><a>...<\/a><\/li>\n\n\n\n<li><a href='?page_no=18188'>18188<\/a><\/li>\n\n\n\n<li><a href='?page_no=18189'>18189<\/a><\/li>\n\n\n\n<li class='active'><a>18190<\/a><\/li>\n\n\n\n<li><a href='?page_no=18191'>18191<\/a><\/li>\n\n\n\n<li><a href='?page_no=18192'>18192<\/a><\/li>\n\n\n\n<li><a>...<\/a><\/li>\n\n\n\n<li><a href='?page_no=22911'>22911<\/a><\/li>\n\n\n\n<li><a href='?page_no=22912'>22912<\/a><\/li>\n\n    \n\t\n\n<li >\n\t<a href='?page_no=18191'>Next<\/a>\n\t<\/li>\n\n\n    \n\n<li><a href='?page_no=22912'>Last &rsaquo;&rsaquo;<\/a><\/li>\n\n<\/ul>\n\n\n--><br \/>\n<\/body><\/p>\n","protected":false},"excerpt":{"rendered":"<p>Nueva York, 12 enero.- Es el sonido m\u00e1s temido en cualquier espect\u00e1culo en vivo: el de un tel\u00e9fono celular. La Filarm\u00f3nica de Nueva York ejecutaba el \u00faltimo movimiento de la Novena Sinfon\u00eda de Mahler el martes por la noche en la sala Avery Fisher del Lincoln Center neoyorquino. El director Alan Gilbert tuvo que detener [&hellip;]<\/p>\n","protected":false},"author":3,"featured_media":0,"comment_status":"open","ping_status":"open","sticky":false,"template":"","format":"standard","meta":{"footnotes":""},"categories":[21],"tags":[],"class_list":["post-66512","post","type-post","status-publish","format-standard","hentry","category-cultura"],"_links":{"self":[{"href":"https:\/\/diariodominicano.com\/index.php?rest_route=\/wp\/v2\/posts\/66512","targetHints":{"allow":["GET"]}}],"collection":[{"href":"https:\/\/diariodominicano.com\/index.php?rest_route=\/wp\/v2\/posts"}],"about":[{"href":"https:\/\/diariodominicano.com\/index.php?rest_route=\/wp\/v2\/types\/post"}],"author":[{"embeddable":true,"href":"https:\/\/diariodominicano.com\/index.php?rest_route=\/wp\/v2\/users\/3"}],"replies":[{"embeddable":true,"href":"https:\/\/diariodominicano.com\/index.php?rest_route=%2Fwp%2Fv2%2Fcomments&post=66512"}],"version-history":[{"count":0,"href":"https:\/\/diariodominicano.com\/index.php?rest_route=\/wp\/v2\/posts\/66512\/revisions"}],"wp:attachment":[{"href":"https:\/\/diariodominicano.com\/index.php?rest_route=%2Fwp%2Fv2%2Fmedia&parent=66512"}],"wp:term":[{"taxonomy":"category","embeddable":true,"href":"https:\/\/diariodominicano.com\/index.php?rest_route=%2Fwp%2Fv2%2Fcategories&post=66512"},{"taxonomy":"post_tag","embeddable":true,"href":"https:\/\/diariodominicano.com\/index.php?rest_route=%2Fwp%2Fv2%2Ftags&post=66512"}],"curies":[{"name":"wp","href":"https:\/\/api.w.org\/{rel}","templated":true}]}}