{"id":66509,"date":"2012-01-13T15:32:03","date_gmt":"2012-01-13T15:32:03","guid":{"rendered":"http:\/\/diariodominicano.ddns.net\/?p=66509"},"modified":"2012-01-13T15:32:03","modified_gmt":"2012-01-13T15:32:03","slug":"uapa-celebrara-sus-17-anos-de-fundacion-con-grandes-actividades","status":"publish","type":"post","link":"https:\/\/diariodominicano.com\/?p=66509","title":{"rendered":"UAPA celebrar\u00e1 sus 17 a\u00f1os de Fundaci\u00f3n con Grandes Actividades&#13;"},"content":{"rendered":"<p><body><\/p>\n<p><img decoding=\"async\" src=\"img3\/rector UAPA.JPG\" \/>  <\/p>\n<p><span class=\"text1noticias\">Santiago, RD, 13 enero 2012.- Con un calendario de actividades acad\u00e9micas y festivas, la Universidad Abierta para Adultos (UAPA), celebrar\u00e1 durante todo el mes de enero su fecha de fundaci\u00f3n como primera instituci\u00f3n superior a distancia del pa\u00eds.<\/span><\/p>\n<p><span class=\"text1noticias\"> <\/span><\/p>\n<p><span class=\"text1noticias\">Entre los atractivos de la celebraci\u00f3n incluye la conferencia \u00abLa Calidad de la Educaci\u00f3n y Desarrollo Social\u00bb, a cargo del rector y fundador del centro universitario,  doctor \u00c1ngel Hern\u00e1ndez; tambi\u00e9n una exposici\u00f3n pict\u00f3rica de los internos del Centro Penitenciario Rafey-Hombre; puesta en circulaci\u00f3n de los libros de Ediciones UAPA; Noche Bohemia para los Facilitadores y un Panel sobre \u00b4\u00b4Inclusi\u00f3n Social con Agust\u00edn Navarro y Frank D\u00b4Oleo.<\/span><\/p>\n<p><span class=\"text1noticias\"> <\/span><\/p>\n<p><span class=\"text1noticias\">Tambi\u00e9n, la conferencia \u00b4Creando Jurisprudencia: Sentencias relevantes  en materia de Propiedad Intelectual, con Edwin Espinal; un panel sobre Intervenciones Psicopedag\u00f3gicas,  Preventivas en el Entorno Aulico\u00b4; la conferencia Duarte Hoy a cargo del director del Archivo Hist\u00f3rico de Santiago, Robert Espinal; Conferencia: \u00b4\u00b4La \u00e9tica y los valores con Monse\u00f1or Ram\u00f3n Benito de la Rosa y Carpio, arzobispo de Santiago; la charla acerca de un d\u00eda sin Qu\u00edmica\u00b4 con el educador Julio Valerio.<\/span><\/p>\n<p><span class=\"text1noticias\"> <\/span><\/p>\n<p><span class=\"text1noticias\">Otras actividades que se desarrollaran a partir este s\u00e1bado 14 de enero, fecha en que fund\u00f3 la Universidad, incluyen la conferencia con el doctor Jos\u00e9 Miguel G\u00f3mez sobre \u00a8El perfil de las personas altamente exitosas\u00b4; conferencia sobre Lengua y Cultura; Rally 17 Aniversario con la participaci\u00f3n de todo el personal administrativo de la Instituci\u00f3n.<\/span><\/p>\n<p><span class=\"text1noticias\"> <\/span><\/p>\n<p><span class=\"text1noticias\">Adem\u00e1s de un Seminario sobre el Impacto de las TICs en las Estrategias de Marketing Pol\u00edtico y los Negocios, con la participaci\u00f3n de reconocidos profesionales del \u00e1rea; Relanzamiento de los grupos art\u00edsticos de la Universidad anfitriona y el montaje  de un Restaurant italiano creado por los participantes de la carrera de Turismo, as\u00ed como la inauguraci\u00f3n de la Ampliaci\u00f3n del Edificio Administrativo, entre otras actividades que se efectuaran en el campus universitario, conforme a las explicaciones del rector \u00c1ngel Hern\u00e1ndez<\/span>.<\/p>\n<h6> 2012-01-13 15:32:03 <\/h6>\n<p><!--\n<link rel=\"stylesheet\" href=\"css\/bootstrap.min.css\">\n\n\n<ul class=\"pagination\">\n\t    \n\t\n\n<li >\n\t<a href='?page_no=18186'>Previous<\/a>\n\t<\/li>\n\n\n       \n    \n\n<li><a href='?page_no=1'>1<\/a><\/li>\n\n\n\n<li><a href='?page_no=2'>2<\/a><\/li>\n\n\n\n<li><a>...<\/a><\/li>\n\n\n\n<li><a href='?page_no=18185'>18185<\/a><\/li>\n\n\n\n<li><a href='?page_no=18186'>18186<\/a><\/li>\n\n\n\n<li class='active'><a>18187<\/a><\/li>\n\n\n\n<li><a href='?page_no=18188'>18188<\/a><\/li>\n\n\n\n<li><a href='?page_no=18189'>18189<\/a><\/li>\n\n\n\n<li><a>...<\/a><\/li>\n\n\n\n<li><a href='?page_no=22911'>22911<\/a><\/li>\n\n\n\n<li><a href='?page_no=22912'>22912<\/a><\/li>\n\n    \n\t\n\n<li >\n\t<a href='?page_no=18188'>Next<\/a>\n\t<\/li>\n\n\n    \n\n<li><a href='?page_no=22912'>Last &rsaquo;&rsaquo;<\/a><\/li>\n\n<\/ul>\n\n\n--><br \/>\n<\/body><\/p>\n","protected":false},"excerpt":{"rendered":"<p>Santiago, RD, 13 enero 2012.- Con un calendario de actividades acad\u00e9micas y festivas, la Universidad Abierta para Adultos (UAPA), celebrar\u00e1 durante todo el mes de enero su fecha de fundaci\u00f3n como primera instituci\u00f3n superior a distancia del pa\u00eds. Entre los atractivos de la celebraci\u00f3n incluye la conferencia \u00abLa Calidad de la Educaci\u00f3n y Desarrollo Social\u00bb, [&hellip;]<\/p>\n","protected":false},"author":3,"featured_media":0,"comment_status":"open","ping_status":"open","sticky":false,"template":"","format":"standard","meta":{"footnotes":""},"categories":[21],"tags":[],"class_list":["post-66509","post","type-post","status-publish","format-standard","hentry","category-cultura"],"_links":{"self":[{"href":"https:\/\/diariodominicano.com\/index.php?rest_route=\/wp\/v2\/posts\/66509","targetHints":{"allow":["GET"]}}],"collection":[{"href":"https:\/\/diariodominicano.com\/index.php?rest_route=\/wp\/v2\/posts"}],"about":[{"href":"https:\/\/diariodominicano.com\/index.php?rest_route=\/wp\/v2\/types\/post"}],"author":[{"embeddable":true,"href":"https:\/\/diariodominicano.com\/index.php?rest_route=\/wp\/v2\/users\/3"}],"replies":[{"embeddable":true,"href":"https:\/\/diariodominicano.com\/index.php?rest_route=%2Fwp%2Fv2%2Fcomments&post=66509"}],"version-history":[{"count":0,"href":"https:\/\/diariodominicano.com\/index.php?rest_route=\/wp\/v2\/posts\/66509\/revisions"}],"wp:attachment":[{"href":"https:\/\/diariodominicano.com\/index.php?rest_route=%2Fwp%2Fv2%2Fmedia&parent=66509"}],"wp:term":[{"taxonomy":"category","embeddable":true,"href":"https:\/\/diariodominicano.com\/index.php?rest_route=%2Fwp%2Fv2%2Fcategories&post=66509"},{"taxonomy":"post_tag","embeddable":true,"href":"https:\/\/diariodominicano.com\/index.php?rest_route=%2Fwp%2Fv2%2Ftags&post=66509"}],"curies":[{"name":"wp","href":"https:\/\/api.w.org\/{rel}","templated":true}]}}