{"id":66507,"date":"2012-01-13T17:10:23","date_gmt":"2012-01-13T17:10:23","guid":{"rendered":"http:\/\/diariodominicano.ddns.net\/?p=66507"},"modified":"2012-01-13T17:10:23","modified_gmt":"2012-01-13T17:10:23","slug":"dedica-nicaragua-jornada-de-homenaje-a-ruben-dario","status":"publish","type":"post","link":"https:\/\/diariodominicano.com\/?p=66507","title":{"rendered":"Dedica Nicaragua jornada de homenaje a Rub\u00e9n Dar\u00edo"},"content":{"rendered":"<p><body><\/p>\n<p><img decoding=\"async\" src=\"img3\/Ruben Dario retrato.jpg\" \/>  <\/p>\n<p><span class=\"text1noticias\">Managua, 13 ene (PL).-  Nicaragua iniciar\u00e1 hoy una jornada de homenaje a su poeta nacional, Rub\u00e9n Dar\u00edo, el m\u00e1ximo representante del Modernismo literario en lengua espa\u00f1ola, conocido tambi\u00e9n como el Pr\u00edncipe de las Letras Castellanas.<\/span><\/p>\n<\/p>\n<p><span class=\"text1noticias\">La ciudad donde naci\u00f3 despertar\u00e1 este viernes al toque de una diana a las 04:00 hora local, a partir del momento distintas actividades y fiestas se extender\u00e1n por los barrios de la urbe hasta el 18 de enero, d\u00eda en que el pa\u00eds celebrar\u00e1 el aniversario 145 del natalicio, anunci\u00f3 el Comit\u00e9 Dariano.<\/span><\/p>\n<\/p>\n<p><span class=\"text1noticias\">De acuerdo con la coordinadora ejecutiva de esa instituci\u00f3n, Karla Cardoza, entre las actividades previstas figura la elecci\u00f3n ma\u00f1ana de la Musa Dariana, para lo cual cada aspirante debe tener de 16 a 18 a\u00f1os de edad y demostrar que conoce sobre la obra y vida del m\u00e1ximo poeta nicarag\u00fcense.<\/span><\/p>\n<\/p>\n<p><span class=\"text1noticias\">Adem\u00e1s la jornada incluye el Festival Nacional de Poes\u00eda, un simposio sobre Dar\u00edo, un concierto de la banda filarm\u00f3nica de la Alcald\u00eda de Managua, as\u00ed como la participaci\u00f3n del grupo salvadore\u00f1o de m\u00fasica andina, Yaktasukyo, y el ballet Folkl\u00f3rico Tepenahualt, entre otras agrupaciones, inform\u00f3.<\/span><\/p>\n<\/p>\n<p><span class=\"text1noticias\">Con lecturas de poemas, desfile de carretas de Masaya, gigantonas, enanos cabezones, copleros de Le\u00f3n, bandas escolares de Jinotega y comparsas de Matagalpa, tambi\u00e9n se festejar\u00e1 el nacimiento del m\u00e1s grande poeta nicarag\u00fcense, quien fuera adem\u00e1s periodista y diplom\u00e1tico.<\/span><\/p>\n<\/p>\n<p><span class=\"text1noticias\">Seg\u00fan inform\u00f3 Cardoza, en conferencia de prensa efectuada la v\u00edspera, el venidero 17 de enero la orquesta nacional ofrecer\u00e1 un concierto en la Parroquia de San Pedro.<\/span><\/p>\n<\/p>\n<p><span class=\"text1noticias\">Mientras al d\u00eda siguiente los nicarag\u00fcenses terminar\u00e1n de rendirle homenaje a Dar\u00edo con fuegos artificiales, la presentaci\u00f3n del coro nacional y la Banda del Ej\u00e9rcito.<\/span><\/p>\n<\/p>\n<p><span class=\"text1noticias\">En reconocimiento al genio, el s\u00edmbolo del m\u00e1s alto honor y reconocimiento que otorga el Estado nicarag\u00fcense a nacionales o extranjeros por servicios relevantes y trabajos eminentes es la Orden Rub\u00e9n Dar\u00edo<\/span>.<\/p>\n<h6> 2012-01-13 17:10:23 <\/h6>\n<p><!--\n<link rel=\"stylesheet\" href=\"css\/bootstrap.min.css\">\n\n\n<ul class=\"pagination\">\n\t    \n\t\n\n<li >\n\t<a href='?page_no=18184'>Previous<\/a>\n\t<\/li>\n\n\n       \n    \n\n<li><a href='?page_no=1'>1<\/a><\/li>\n\n\n\n<li><a href='?page_no=2'>2<\/a><\/li>\n\n\n\n<li><a>...<\/a><\/li>\n\n\n\n<li><a href='?page_no=18183'>18183<\/a><\/li>\n\n\n\n<li><a href='?page_no=18184'>18184<\/a><\/li>\n\n\n\n<li class='active'><a>18185<\/a><\/li>\n\n\n\n<li><a href='?page_no=18186'>18186<\/a><\/li>\n\n\n\n<li><a href='?page_no=18187'>18187<\/a><\/li>\n\n\n\n<li><a>...<\/a><\/li>\n\n\n\n<li><a href='?page_no=22911'>22911<\/a><\/li>\n\n\n\n<li><a href='?page_no=22912'>22912<\/a><\/li>\n\n    \n\t\n\n<li >\n\t<a href='?page_no=18186'>Next<\/a>\n\t<\/li>\n\n\n    \n\n<li><a href='?page_no=22912'>Last &rsaquo;&rsaquo;<\/a><\/li>\n\n<\/ul>\n\n\n--><br \/>\n<\/body><\/p>\n","protected":false},"excerpt":{"rendered":"<p>Managua, 13 ene (PL).- Nicaragua iniciar\u00e1 hoy una jornada de homenaje a su poeta nacional, Rub\u00e9n Dar\u00edo, el m\u00e1ximo representante del Modernismo literario en lengua espa\u00f1ola, conocido tambi\u00e9n como el Pr\u00edncipe de las Letras Castellanas. La ciudad donde naci\u00f3 despertar\u00e1 este viernes al toque de una diana a las 04:00 hora local, a partir del [&hellip;]<\/p>\n","protected":false},"author":3,"featured_media":0,"comment_status":"open","ping_status":"open","sticky":false,"template":"","format":"standard","meta":{"footnotes":""},"categories":[21],"tags":[],"class_list":["post-66507","post","type-post","status-publish","format-standard","hentry","category-cultura"],"_links":{"self":[{"href":"https:\/\/diariodominicano.com\/index.php?rest_route=\/wp\/v2\/posts\/66507","targetHints":{"allow":["GET"]}}],"collection":[{"href":"https:\/\/diariodominicano.com\/index.php?rest_route=\/wp\/v2\/posts"}],"about":[{"href":"https:\/\/diariodominicano.com\/index.php?rest_route=\/wp\/v2\/types\/post"}],"author":[{"embeddable":true,"href":"https:\/\/diariodominicano.com\/index.php?rest_route=\/wp\/v2\/users\/3"}],"replies":[{"embeddable":true,"href":"https:\/\/diariodominicano.com\/index.php?rest_route=%2Fwp%2Fv2%2Fcomments&post=66507"}],"version-history":[{"count":0,"href":"https:\/\/diariodominicano.com\/index.php?rest_route=\/wp\/v2\/posts\/66507\/revisions"}],"wp:attachment":[{"href":"https:\/\/diariodominicano.com\/index.php?rest_route=%2Fwp%2Fv2%2Fmedia&parent=66507"}],"wp:term":[{"taxonomy":"category","embeddable":true,"href":"https:\/\/diariodominicano.com\/index.php?rest_route=%2Fwp%2Fv2%2Fcategories&post=66507"},{"taxonomy":"post_tag","embeddable":true,"href":"https:\/\/diariodominicano.com\/index.php?rest_route=%2Fwp%2Fv2%2Ftags&post=66507"}],"curies":[{"name":"wp","href":"https:\/\/api.w.org\/{rel}","templated":true}]}}