{"id":66506,"date":"2012-01-13T20:38:32","date_gmt":"2012-01-13T20:38:32","guid":{"rendered":"http:\/\/diariodominicano.ddns.net\/?p=66506"},"modified":"2012-01-13T20:38:32","modified_gmt":"2012-01-13T20:38:32","slug":"grupo-medrano-anuncia-carnaval-vegano-2012","status":"publish","type":"post","link":"https:\/\/diariodominicano.com\/?p=66506","title":{"rendered":"Grupo Medrano anuncia Carnaval Vegano 2012"},"content":{"rendered":"<p><body><\/p>\n<p><span class=\"text1noticias\">Santo Domingo, RD, 13 enero.- En un ambiente festivo se lanz\u00f3 anoche, de manera oficial, el tradicional y esperado  Carnaval Vegano, durante un encuentro con la prensa en el Sal\u00f3n Anacaona del hotel Jaragua.<\/span><\/p>\n<\/p>\n<p><span class=\"text1noticias\">El Grupo Medrano, el Comit\u00e9 Organizador del Carnaval de La Vega y la Alcald\u00eda de la mencionada provincia,  ofrecieron los m\u00e1s m\u00ednimos detalles de lo que en esta versi\u00f3n 2012 el famoso carnaval tendr\u00e1 para sus visitantes.<\/span><\/p>\n<\/p>\n<p><span class=\"text1noticias\"> Alexis P\u00e9rez, presidente del Comit\u00e9 Organizador del Carnaval Vegano y Alcalde Municipal, tuvo a su cargo las palabras centrales del evento en donde exhort\u00f3 a los presentes a no perderse un domingo de carnaval ya que \u00abes una de nuestras tradiciones m\u00e1s coloridas y festivas con las que contamos los dominicanos\u00bb, dijo P\u00e9rez, enfatizando al mismo tiempo que esta fiesta cultural contar\u00e1 con una amplia seguridad, para que todos disfruten en tranquilidad. Por otro lado, Roberto Rodr\u00edguez, director general del Grupo Medrano,  manifest\u00f3 que el carnaval es la celebraci\u00f3n cultural tradicional m\u00e1s espectacular de los dominicanos.<\/span><\/p>\n<\/p>\n<p><span class=\"text1noticias\">\u00abFiesta que une todas las razas y clases sociales, residentes dominicanos y extranjeros que cada domingo se dirigen a un mismo punto del Cibao: la culta, ol\u00edmpica y carnavalesca ciudad de La Vega\u00bb.<\/span><\/p>\n<\/p>\n<p><span class=\"text1noticias\">En la actividad de lanzamiento hicieron acto de presencia los representantes  de las empresas que apadrinan el colorido evento, entre ellos  Euclides S\u00e1nchez, senador de La Vega; Guillermo Torres, gobernador Provincial; Juan Miguel Esca\u00f1o, representante de Ambev Dominicana; Claudia Escobar, representante de Orange Dominicana y los representantes de Induveca, Alaver y Brugal y Compa\u00f1\u00eda; Daysi Medina, Irlonka Tav\u00e1rez y Jorge Torres, respectivamente.<\/span><\/p>\n<\/p>\n<p><span class=\"text1noticias\">  En el transcurso de la rueda de prensa se inform\u00f3 que el tradicional festejo inicia con este lanzamiento formal y contin\u00faa con la coronaci\u00f3n de la Reina del Carnaval y del Rey Momo.<\/span><\/p>\n<\/p>\n<p><span class=\"text1noticias\">En cuanto a la difusi\u00f3n del Carnaval de La Vega, los medios del Grupo Medrano: Canal 105, S\u00faper K, Radio La Vega, Radio Ol\u00edmpica y Microvisi\u00f3n canal 10, ser\u00e1 los difusores de la programaci\u00f3n especial del carnaval a todos los dominicanos, con el apoyo de otras 14 emisoras del nombrado grupo, y en conjunto con Telesistema, Canal 11.<\/span><\/p>\n<\/p>\n<p><span class=\"text1noticias\">Atracciones art\u00edsticas<\/span><\/p>\n<\/p>\n<p><span class=\"text1noticias\">Rodr\u00edguez anunci\u00f3 que el afamado reguetonero Daddy Yankee ser\u00e1 responsable del primer concierto de Carnaval. La cartelera incluye a V\u00edctor Manuelle, H\u00e9ctor Acosta, Rakim &amp; Ken Y, Los Hermanos Rosario, Zion &amp; Lenox, Frank Reyes, y otros<\/span> .<\/p>\n<\/p>\n<h6> 2012-01-13 20:38:32 <\/h6>\n<p><!--\n<link rel=\"stylesheet\" href=\"css\/bootstrap.min.css\">\n\n\n<ul class=\"pagination\">\n\t    \n\t\n\n<li >\n\t<a href='?page_no=18183'>Previous<\/a>\n\t<\/li>\n\n\n       \n    \n\n<li><a href='?page_no=1'>1<\/a><\/li>\n\n\n\n<li><a href='?page_no=2'>2<\/a><\/li>\n\n\n\n<li><a>...<\/a><\/li>\n\n\n\n<li><a href='?page_no=18182'>18182<\/a><\/li>\n\n\n\n<li><a href='?page_no=18183'>18183<\/a><\/li>\n\n\n\n<li class='active'><a>18184<\/a><\/li>\n\n\n\n<li><a href='?page_no=18185'>18185<\/a><\/li>\n\n\n\n<li><a href='?page_no=18186'>18186<\/a><\/li>\n\n\n\n<li><a>...<\/a><\/li>\n\n\n\n<li><a href='?page_no=22911'>22911<\/a><\/li>\n\n\n\n<li><a href='?page_no=22912'>22912<\/a><\/li>\n\n    \n\t\n\n<li >\n\t<a href='?page_no=18185'>Next<\/a>\n\t<\/li>\n\n\n    \n\n<li><a href='?page_no=22912'>Last &rsaquo;&rsaquo;<\/a><\/li>\n\n<\/ul>\n\n\n--><br \/>\n<\/body><\/p>\n","protected":false},"excerpt":{"rendered":"<p>Santo Domingo, RD, 13 enero.- En un ambiente festivo se lanz\u00f3 anoche, de manera oficial, el tradicional y esperado Carnaval Vegano, durante un encuentro con la prensa en el Sal\u00f3n Anacaona del hotel Jaragua. El Grupo Medrano, el Comit\u00e9 Organizador del Carnaval de La Vega y la Alcald\u00eda de la mencionada provincia, ofrecieron los m\u00e1s [&hellip;]<\/p>\n","protected":false},"author":3,"featured_media":0,"comment_status":"open","ping_status":"open","sticky":false,"template":"","format":"standard","meta":{"footnotes":""},"categories":[21],"tags":[],"class_list":["post-66506","post","type-post","status-publish","format-standard","hentry","category-cultura"],"_links":{"self":[{"href":"https:\/\/diariodominicano.com\/index.php?rest_route=\/wp\/v2\/posts\/66506","targetHints":{"allow":["GET"]}}],"collection":[{"href":"https:\/\/diariodominicano.com\/index.php?rest_route=\/wp\/v2\/posts"}],"about":[{"href":"https:\/\/diariodominicano.com\/index.php?rest_route=\/wp\/v2\/types\/post"}],"author":[{"embeddable":true,"href":"https:\/\/diariodominicano.com\/index.php?rest_route=\/wp\/v2\/users\/3"}],"replies":[{"embeddable":true,"href":"https:\/\/diariodominicano.com\/index.php?rest_route=%2Fwp%2Fv2%2Fcomments&post=66506"}],"version-history":[{"count":0,"href":"https:\/\/diariodominicano.com\/index.php?rest_route=\/wp\/v2\/posts\/66506\/revisions"}],"wp:attachment":[{"href":"https:\/\/diariodominicano.com\/index.php?rest_route=%2Fwp%2Fv2%2Fmedia&parent=66506"}],"wp:term":[{"taxonomy":"category","embeddable":true,"href":"https:\/\/diariodominicano.com\/index.php?rest_route=%2Fwp%2Fv2%2Fcategories&post=66506"},{"taxonomy":"post_tag","embeddable":true,"href":"https:\/\/diariodominicano.com\/index.php?rest_route=%2Fwp%2Fv2%2Ftags&post=66506"}],"curies":[{"name":"wp","href":"https:\/\/api.w.org\/{rel}","templated":true}]}}