{"id":66505,"date":"2012-01-13T20:45:25","date_gmt":"2012-01-13T20:45:25","guid":{"rendered":"http:\/\/diariodominicano.ddns.net\/?p=66505"},"modified":"2012-01-13T20:45:25","modified_gmt":"2012-01-13T20:45:25","slug":"jovenes-coreografos-presentan-despegue","status":"publish","type":"post","link":"https:\/\/diariodominicano.com\/?p=66505","title":{"rendered":"J\u00f3venes core\u00f3grafos presentan \u00abDespegue\u00bb"},"content":{"rendered":"<p><body><\/p>\n<p><span class=\"text1noticias\">Santo Domingo, RD, 13 enero.- El Proyecto de Danza Contempor\u00e1nea del Ballet NacionalDominicano (PRODANCO) abre la temporada de j\u00f3venes core\u00f3grafos con la presentaci\u00f3n del espect\u00e1culo \u00abDespegue\u00bb, que tendr\u00e1 lugar desde hoy y hasta el domingo  15 de este mes, en la sala M\u00e1ximo Avil1\u00e9s Blonda del Palacio de Bellas Artes. <\/span><\/p>\n<\/p>\n<p><span class=\"text1noticias\">\u00abDespegue\u00bb contempla un programa compuesto por las obras de cuatro j\u00f3venes core\u00f3grafos Evelyn Tejeda, que presentar\u00e1 \u00abLapsus\u00bb; Yojanel Bruno, con \u00abUmbilical\u00bb; Rafael Morla, con \u00abCuerpo?nada\u00bb y Dayme del Toro con la obra \u00abCargamento\u00bb.<\/span><\/p>\n<\/p>\n<p><span class=\"text1noticias\">Marianela Bo\u00e1n, quien es la directora de PRODANCO y tiene a su cargo la direcci\u00f3n general y art\u00edstica del espect\u00e1culo, record\u00f3 que estos core\u00f3grafos fueron co-creadores e int\u00e9rpretes de la exitosa obra \u00abSed\u00bb, presentada el pasado a\u00f1o.<\/span><\/p>\n<\/p>\n<p><span class=\"text1noticias\">Explic\u00f3 que en esta temporada tambi\u00e9n cuentan con el apoyo de la plataforma coreogr\u00e1fica del Proyecto de Danza Contempor\u00e1nea del Ballet Nacional Dominicano, el cual defini\u00f3 como un espacio de formaci\u00f3n, producci\u00f3n y promoci\u00f3n de core\u00f3grafos emergentes.<\/span><\/p>\n<\/p>\n<p><span class=\"text1noticias\">Boan aprovech\u00f3 la ocasi\u00f3n para informar que tienen programado para este a\u00f1o presentar la obra \u00abSed\u00bb en diferentes escenariosdel mundo, como  son el Festival Internacional de las Artes de Costa Rica, el Festival de Manizales de Colombia y el Festival de Iberoamericano de Teatro de C\u00e1diz, Espa\u00f1a.<\/span><\/p>\n<\/p>\n<p><span class=\"text1noticias\">Esta noche y ma\u00f1ana s\u00e1badola obra \u00abDespegue\u00bb se presentar\u00e1 a las 8:30 de la noche, y el domingo 15 a las 6:30 de la tarde. El costo por persona es de RD$150<\/span>.<\/p>\n<\/p>\n<\/p>\n<h6> 2012-01-13 20:45:25 <\/h6>\n<p><!--\n<link rel=\"stylesheet\" href=\"css\/bootstrap.min.css\">\n\n\n<ul class=\"pagination\">\n\t    \n\t\n\n<li >\n\t<a href='?page_no=18182'>Previous<\/a>\n\t<\/li>\n\n\n       \n    \n\n<li><a href='?page_no=1'>1<\/a><\/li>\n\n\n\n<li><a href='?page_no=2'>2<\/a><\/li>\n\n\n\n<li><a>...<\/a><\/li>\n\n\n\n<li><a href='?page_no=18181'>18181<\/a><\/li>\n\n\n\n<li><a href='?page_no=18182'>18182<\/a><\/li>\n\n\n\n<li class='active'><a>18183<\/a><\/li>\n\n\n\n<li><a href='?page_no=18184'>18184<\/a><\/li>\n\n\n\n<li><a href='?page_no=18185'>18185<\/a><\/li>\n\n\n\n<li><a>...<\/a><\/li>\n\n\n\n<li><a href='?page_no=22911'>22911<\/a><\/li>\n\n\n\n<li><a href='?page_no=22912'>22912<\/a><\/li>\n\n    \n\t\n\n<li >\n\t<a href='?page_no=18184'>Next<\/a>\n\t<\/li>\n\n\n    \n\n<li><a href='?page_no=22912'>Last &rsaquo;&rsaquo;<\/a><\/li>\n\n<\/ul>\n\n\n--><br \/>\n<\/body><\/p>\n","protected":false},"excerpt":{"rendered":"<p>Santo Domingo, RD, 13 enero.- El Proyecto de Danza Contempor\u00e1nea del Ballet NacionalDominicano (PRODANCO) abre la temporada de j\u00f3venes core\u00f3grafos con la presentaci\u00f3n del espect\u00e1culo \u00abDespegue\u00bb, que tendr\u00e1 lugar desde hoy y hasta el domingo 15 de este mes, en la sala M\u00e1ximo Avil1\u00e9s Blonda del Palacio de Bellas Artes. \u00abDespegue\u00bb contempla un programa compuesto [&hellip;]<\/p>\n","protected":false},"author":3,"featured_media":0,"comment_status":"open","ping_status":"open","sticky":false,"template":"","format":"standard","meta":{"footnotes":""},"categories":[21],"tags":[],"class_list":["post-66505","post","type-post","status-publish","format-standard","hentry","category-cultura"],"_links":{"self":[{"href":"https:\/\/diariodominicano.com\/index.php?rest_route=\/wp\/v2\/posts\/66505","targetHints":{"allow":["GET"]}}],"collection":[{"href":"https:\/\/diariodominicano.com\/index.php?rest_route=\/wp\/v2\/posts"}],"about":[{"href":"https:\/\/diariodominicano.com\/index.php?rest_route=\/wp\/v2\/types\/post"}],"author":[{"embeddable":true,"href":"https:\/\/diariodominicano.com\/index.php?rest_route=\/wp\/v2\/users\/3"}],"replies":[{"embeddable":true,"href":"https:\/\/diariodominicano.com\/index.php?rest_route=%2Fwp%2Fv2%2Fcomments&post=66505"}],"version-history":[{"count":0,"href":"https:\/\/diariodominicano.com\/index.php?rest_route=\/wp\/v2\/posts\/66505\/revisions"}],"wp:attachment":[{"href":"https:\/\/diariodominicano.com\/index.php?rest_route=%2Fwp%2Fv2%2Fmedia&parent=66505"}],"wp:term":[{"taxonomy":"category","embeddable":true,"href":"https:\/\/diariodominicano.com\/index.php?rest_route=%2Fwp%2Fv2%2Fcategories&post=66505"},{"taxonomy":"post_tag","embeddable":true,"href":"https:\/\/diariodominicano.com\/index.php?rest_route=%2Fwp%2Fv2%2Ftags&post=66505"}],"curies":[{"name":"wp","href":"https:\/\/api.w.org\/{rel}","templated":true}]}}