{"id":66503,"date":"2012-01-14T16:22:54","date_gmt":"2012-01-14T16:22:54","guid":{"rendered":"http:\/\/diariodominicano.ddns.net\/?p=66503"},"modified":"2012-01-14T16:22:54","modified_gmt":"2012-01-14T16:22:54","slug":"internas-ponen-luz-y-alegria-en-el-penal-de-santa-martha-acatitla","status":"publish","type":"post","link":"https:\/\/diariodominicano.com\/?p=66503","title":{"rendered":"Internas ponen luz y alegr\u00eda en el penal de Santa Martha Acatitla"},"content":{"rendered":"<p><body><\/p>\n<p><span class=\"text1noticias\">M\u00e9xico, 14 enero.- Ideas y sensaciones sobre el tiempo, la fuerza y la esperanza han sido plasmadas en la sala chica del penal de Santa Martha Acatitla por alrededor de 50 mujeres que, dirigidas por el artista Polo Castellanos, aprendieron a hacer muralismo.<\/span><\/p>\n<\/p>\n<p><span class=\"text1noticias\">El proyecto del Programa Universitario de Estudios de G\u00e9nero de la Universidad Nacional Aut\u00f3noma de M\u00e9xico (UNAM) organiz\u00f3 la impartici\u00f3n de un taller, as\u00ed como la creaci\u00f3n de un mural poliangular dentro de ese centro de reclusi\u00f3n, el cual estuvo terminado luego de casi dos meses de trabajo sobre aproximadamente 50 metros cuadrados.<\/span><\/p>\n<\/p>\n<p><span class=\"text1noticias\">Desde un principio, explica Polo Castellanos, se plante\u00f3 que ambas actividades fuera una acci\u00f3n colectiva, de participaci\u00f3n y organizaci\u00f3n. Durante el proceso creativo y conforme nac\u00edan nuestras necesidades tanto individuales como comunes, un brochazo llevaba a una reflexi\u00f3n y \u00e9sta culminaba en otro brochazo.<\/span><\/p>\n<\/p>\n<p><span class=\"text1noticias\">As\u00ed, de un momento a otro pas\u00e1bamos de la angustia y el llanto a las carcajadas que, frente a las tragedias individuales, comenzaron a llenar de luz y alegr\u00eda los rincones de Santa Martha Acatitla. Todo lo que se tocaba, se hac\u00eda y se discut\u00eda estaba henchido de emociones .<\/span><\/p>\n<\/p>\n<p><span class=\"text1noticias\">Se dice, agrega el muralista, que en los penales los muros oyen y eso cambi\u00f3, porque aqu\u00ed los muros comenzaron a hablar y, en lo personal, comenc\u00e9 a sentirme uno m\u00e1s de este colectivo, aprend\u00ed a hablar en femenino que es la forma en como se debe hablar cuando las mujeres son mayor\u00eda.<\/span><\/p>\n<\/p>\n<p><span class=\"text1noticias\">De esta manera nos convertimos en una voz, y en el mural y el resto de las compa\u00f1eras internas fuimos interlocutoras, manifiesta Castellanos.<\/span><\/p>\n<\/p>\n<p><span class=\"text1noticias\">Incluso, dice el artista, los temas de la esperanza, la fuerza y el tiempo fueron decididos por las mismas internas, quienes descartaron pintar aspectos relacionados con la violencia y la injusticia.<\/span><\/p>\n<\/p>\n<p><span class=\"text1noticias\">Las mujeres que participaron, en su mayor\u00eda viven casos espeluznantes de condiciones de desigualdad y de impartici\u00f3n de justicia que son verdaderamente inconcebibles.<\/span><\/p>\n<\/p>\n<p><span class=\"text1noticias\">A partir de ah\u00ed, prosigui\u00f3 el muralista, surgieron las m\u00e1s variopintas expresiones, las cuales se dejaron escuchar conforme aparecieron los primeros trazos en el muro, el cual tiene forma de caracol.<\/span><\/p>\n<\/p>\n<p><span class=\"text1noticias\">Los comentarios eran diversos. Desde los m\u00e1s ofensivos hasta los m\u00e1s jocosos, como: esos brazos parecen penes, lleg\u00f3 a decir una de ellas.<\/span><\/p>\n<\/p>\n<p><span class=\"text1noticias\">A partir de ese momento, record\u00f3 Polo Castellanos, el tema se decidi\u00f3 de manera colectiva: Queremos hablar sobre el tiempo, sobre la solidaridad, la unidad y la fuerza entre nosotras y sobre la esperanza; queremos hablar para nuestras familias y nuestros ni\u00f1os cuando vienen a la visita y tambi\u00e9n para compa\u00f1eras que van llegando, que sientan que no van a estar solas.<\/span><\/p>\n<\/p>\n<p><span class=\"text1noticias\">Tambi\u00e9n se formaron brigadas de trabajo, la designada como Esperanza: responsable de generar un bosque lo suficientemente grande y bello como para que nos perdi\u00e9ramos todas. La de la Fuerza: responsable de juntar nuestras manos, sin perder su car\u00e1cter individual, como s\u00edmbolo de unidad.<\/span><\/p>\n<\/p>\n<p><span class=\"text1noticias\">Adem\u00e1s, la del Tiempo, nuestra brigada m\u00e1s grande, la responsable de coordinar el tiempo colectivo, organizar y distribuir los espacios del tiempo individual para que todas pudi\u00e9ramos expresar nuestras ideas y vivencias personales en peque\u00f1os relojes de arena en los que todas las compa\u00f1eras que quisieran tuvieran voz.<\/span><\/p>\n<\/p>\n<p><span class=\"text1noticias\">No obstante, Castellanos asegur\u00f3 que la idea esencial del proyecto era establecer la organizaci\u00f3n colectiva entre las internas y no el arte como terapia ocupacional.<\/span><\/p>\n<\/p>\n<p><span class=\"text1noticias\">Hay que dejar varias cosas en claro: el muralismo no vino para hacer obras de caridad a Santa Martha Acatitla ni asistencialismo, como es costumbre de asociaciones, sectas y hasta del mismo Estado; ni a evangelizar con discursos sobre el bien y el mal con las sagradas escrituras de las nuevas inquisiciones.<\/span><\/p>\n<\/p>\n<p><span class=\"text1noticias\">El arte al igual que la educaci\u00f3n, forman parte esencial de los motores de desarrollo de cualquier sociedad que se jacte de ser justa, digna y democr\u00e1tica. Si esto lo hici\u00e9ramos efectivo, probablemente las c\u00e1rceles del pa\u00eds estar\u00edan vac\u00edas. Pero M\u00e9xico, est\u00e1 cada vez m\u00e1s lejos de eso, concluye Castellanos<\/span>.<\/p>\n<\/p>\n<h6> 2012-01-14 16:22:54 <\/h6>\n<p><!--\n<link rel=\"stylesheet\" href=\"css\/bootstrap.min.css\">\n\n\n<ul class=\"pagination\">\n\t    \n\t\n\n<li >\n\t<a href='?page_no=18180'>Previous<\/a>\n\t<\/li>\n\n\n       \n    \n\n<li><a href='?page_no=1'>1<\/a><\/li>\n\n\n\n<li><a href='?page_no=2'>2<\/a><\/li>\n\n\n\n<li><a>...<\/a><\/li>\n\n\n\n<li><a href='?page_no=18179'>18179<\/a><\/li>\n\n\n\n<li><a href='?page_no=18180'>18180<\/a><\/li>\n\n\n\n<li class='active'><a>18181<\/a><\/li>\n\n\n\n<li><a href='?page_no=18182'>18182<\/a><\/li>\n\n\n\n<li><a href='?page_no=18183'>18183<\/a><\/li>\n\n\n\n<li><a>...<\/a><\/li>\n\n\n\n<li><a href='?page_no=22911'>22911<\/a><\/li>\n\n\n\n<li><a href='?page_no=22912'>22912<\/a><\/li>\n\n    \n\t\n\n<li >\n\t<a href='?page_no=18182'>Next<\/a>\n\t<\/li>\n\n\n    \n\n<li><a href='?page_no=22912'>Last &rsaquo;&rsaquo;<\/a><\/li>\n\n<\/ul>\n\n\n--><br \/>\n<\/body><\/p>\n","protected":false},"excerpt":{"rendered":"<p>M\u00e9xico, 14 enero.- Ideas y sensaciones sobre el tiempo, la fuerza y la esperanza han sido plasmadas en la sala chica del penal de Santa Martha Acatitla por alrededor de 50 mujeres que, dirigidas por el artista Polo Castellanos, aprendieron a hacer muralismo. El proyecto del Programa Universitario de Estudios de G\u00e9nero de la Universidad [&hellip;]<\/p>\n","protected":false},"author":3,"featured_media":0,"comment_status":"open","ping_status":"open","sticky":false,"template":"","format":"standard","meta":{"footnotes":""},"categories":[21],"tags":[],"class_list":["post-66503","post","type-post","status-publish","format-standard","hentry","category-cultura"],"_links":{"self":[{"href":"https:\/\/diariodominicano.com\/index.php?rest_route=\/wp\/v2\/posts\/66503","targetHints":{"allow":["GET"]}}],"collection":[{"href":"https:\/\/diariodominicano.com\/index.php?rest_route=\/wp\/v2\/posts"}],"about":[{"href":"https:\/\/diariodominicano.com\/index.php?rest_route=\/wp\/v2\/types\/post"}],"author":[{"embeddable":true,"href":"https:\/\/diariodominicano.com\/index.php?rest_route=\/wp\/v2\/users\/3"}],"replies":[{"embeddable":true,"href":"https:\/\/diariodominicano.com\/index.php?rest_route=%2Fwp%2Fv2%2Fcomments&post=66503"}],"version-history":[{"count":0,"href":"https:\/\/diariodominicano.com\/index.php?rest_route=\/wp\/v2\/posts\/66503\/revisions"}],"wp:attachment":[{"href":"https:\/\/diariodominicano.com\/index.php?rest_route=%2Fwp%2Fv2%2Fmedia&parent=66503"}],"wp:term":[{"taxonomy":"category","embeddable":true,"href":"https:\/\/diariodominicano.com\/index.php?rest_route=%2Fwp%2Fv2%2Fcategories&post=66503"},{"taxonomy":"post_tag","embeddable":true,"href":"https:\/\/diariodominicano.com\/index.php?rest_route=%2Fwp%2Fv2%2Ftags&post=66503"}],"curies":[{"name":"wp","href":"https:\/\/api.w.org\/{rel}","templated":true}]}}