{"id":66498,"date":"2012-01-15T13:49:01","date_gmt":"2012-01-15T13:49:01","guid":{"rendered":"http:\/\/diariodominicano.ddns.net\/?p=66498"},"modified":"2012-01-15T13:49:01","modified_gmt":"2012-01-15T13:49:01","slug":"agn-pide-escritores-colaborar-con-biblioteca-digital","status":"publish","type":"post","link":"https:\/\/diariodominicano.com\/?p=66498","title":{"rendered":"AGN pide escritores colaborar con Biblioteca Digital"},"content":{"rendered":"<p><body><\/p>\n<p><span class=\"text1noticias\">Rep.Dom, 15 de Enero.- El Archivo General de la Naci\u00f3n est\u00e1 convocando a escritores vivos y a descendientes de otros que han fallecido as\u00ed como a instituciones p\u00fablicas y privadas con producciones de diversos g\u00e9neros a colaborar con el enriquecimiento de su Biblioteca Digital que ya cuenta con una selecta colecci\u00f3n de libros, revistas y peri\u00f3dicos dominicanos a los que se podr\u00e1 tener acceso a trav\u00e9s de Internet.<\/span><\/p>\n<\/p>\n<p><span class=\"text1noticias\">Alejando Paulino Ramos, subdirector del organismo, declar\u00f3 que este proyecto \u00abdeber\u00e1 marcar un hito en la cultura bibliogr\u00e1fica de la Rep\u00fablica Dominicana si los propietarios de obras nos las hacen llegar con la debida autorizaci\u00f3n para incorporarlas a las existentes\u00bb.<\/span><\/p>\n<\/p>\n<p><span class=\"text1noticias\">Agreg\u00f3 que desde que el historiador Roberto Cass\u00e1 asumi\u00f3 la direcci\u00f3n del AGN se cre\u00f3 esta \u00e1rea en la que se han digitalizado alrededor de diez mil publicaciones, que ser\u00e1n colocadas en la red pr\u00f3ximamente.<\/span><\/p>\n<\/p>\n<p><span class=\"text1noticias\">Llam\u00f3 a los autores y otras personas que se motiven a cooperar con este programa,  a comunicarse con personal del Archivo General de la Naci\u00f3n<\/span>. <\/p>\n<\/p>\n<h6> 2012-01-15 13:49:01 <\/h6>\n<p><!--\n<link rel=\"stylesheet\" href=\"css\/bootstrap.min.css\">\n\n\n<ul class=\"pagination\">\n\t    \n\t\n\n<li >\n\t<a href='?page_no=18175'>Previous<\/a>\n\t<\/li>\n\n\n       \n    \n\n<li><a href='?page_no=1'>1<\/a><\/li>\n\n\n\n<li><a href='?page_no=2'>2<\/a><\/li>\n\n\n\n<li><a>...<\/a><\/li>\n\n\n\n<li><a href='?page_no=18174'>18174<\/a><\/li>\n\n\n\n<li><a href='?page_no=18175'>18175<\/a><\/li>\n\n\n\n<li class='active'><a>18176<\/a><\/li>\n\n\n\n<li><a href='?page_no=18177'>18177<\/a><\/li>\n\n\n\n<li><a href='?page_no=18178'>18178<\/a><\/li>\n\n\n\n<li><a>...<\/a><\/li>\n\n\n\n<li><a href='?page_no=22911'>22911<\/a><\/li>\n\n\n\n<li><a href='?page_no=22912'>22912<\/a><\/li>\n\n    \n\t\n\n<li >\n\t<a href='?page_no=18177'>Next<\/a>\n\t<\/li>\n\n\n    \n\n<li><a href='?page_no=22912'>Last &rsaquo;&rsaquo;<\/a><\/li>\n\n<\/ul>\n\n\n--><br \/>\n<\/body><\/p>\n","protected":false},"excerpt":{"rendered":"<p>Rep.Dom, 15 de Enero.- El Archivo General de la Naci\u00f3n est\u00e1 convocando a escritores vivos y a descendientes de otros que han fallecido as\u00ed como a instituciones p\u00fablicas y privadas con producciones de diversos g\u00e9neros a colaborar con el enriquecimiento de su Biblioteca Digital que ya cuenta con una selecta colecci\u00f3n de libros, revistas y [&hellip;]<\/p>\n","protected":false},"author":3,"featured_media":0,"comment_status":"open","ping_status":"open","sticky":false,"template":"","format":"standard","meta":{"footnotes":""},"categories":[21],"tags":[],"class_list":["post-66498","post","type-post","status-publish","format-standard","hentry","category-cultura"],"_links":{"self":[{"href":"https:\/\/diariodominicano.com\/index.php?rest_route=\/wp\/v2\/posts\/66498","targetHints":{"allow":["GET"]}}],"collection":[{"href":"https:\/\/diariodominicano.com\/index.php?rest_route=\/wp\/v2\/posts"}],"about":[{"href":"https:\/\/diariodominicano.com\/index.php?rest_route=\/wp\/v2\/types\/post"}],"author":[{"embeddable":true,"href":"https:\/\/diariodominicano.com\/index.php?rest_route=\/wp\/v2\/users\/3"}],"replies":[{"embeddable":true,"href":"https:\/\/diariodominicano.com\/index.php?rest_route=%2Fwp%2Fv2%2Fcomments&post=66498"}],"version-history":[{"count":0,"href":"https:\/\/diariodominicano.com\/index.php?rest_route=\/wp\/v2\/posts\/66498\/revisions"}],"wp:attachment":[{"href":"https:\/\/diariodominicano.com\/index.php?rest_route=%2Fwp%2Fv2%2Fmedia&parent=66498"}],"wp:term":[{"taxonomy":"category","embeddable":true,"href":"https:\/\/diariodominicano.com\/index.php?rest_route=%2Fwp%2Fv2%2Fcategories&post=66498"},{"taxonomy":"post_tag","embeddable":true,"href":"https:\/\/diariodominicano.com\/index.php?rest_route=%2Fwp%2Fv2%2Ftags&post=66498"}],"curies":[{"name":"wp","href":"https:\/\/api.w.org\/{rel}","templated":true}]}}