{"id":66495,"date":"2012-01-15T16:15:25","date_gmt":"2012-01-15T16:15:25","guid":{"rendered":"http:\/\/diariodominicano.ddns.net\/?p=66495"},"modified":"2012-01-15T16:15:25","modified_gmt":"2012-01-15T16:15:25","slug":"la-vega-se-resiste-a-entrar-en-reality-vive-el-carnaval","status":"publish","type":"post","link":"https:\/\/diariodominicano.com\/?p=66495","title":{"rendered":"La Vega se resiste a entrar en reality \u00abVive el Carnaval\u00bb"},"content":{"rendered":"<p><body><\/p>\n<p><img decoding=\"async\" src=\"img3\/Carnavaleros de San pedro.JPG\" \/>  <\/p>\n<p><span class=\"text1noticias\">Rep. Dom, 15 de Enero.- A una semana de su inicio, el reality \u00abVIVE EL CARNAVAL\u00bb  crea tensi\u00f3n y pol\u00e9mica entre las comparsas del Pa\u00eds. La ciudad de La Vega re\u00fasa participar en el programa de temporada que auspicia el Ministerio de Cultura.<\/span><\/p>\n<p><span class=\"text1noticias\"> <\/span><\/p>\n<p><span class=\"text1noticias\">En un momento delicado para La Vega que ve dividido su carnaval en t\u00e9rminos de patrocino con la entrada de dos marcas que compiten entre si en un mismo escenario; las comparsas veganas expresan estar a otro nivel en t\u00e9rminos comerciales, econ\u00f3micos y de calidad para rebajarse a participar junto a carnavaleros de otras ciudades del pa\u00eds.<\/span><\/p>\n<p><span class=\"text1noticias\"> <\/span><\/p>\n<p><span class=\"text1noticias\">La actitud de los representantes de la ciudad ha creado tensi\u00f3n y disgusto entre participantes de la regi\u00f3n Norte, Sur, Santiago y Santo Domingo que dicen los veganos se creen los due\u00f1os de del carnaval dominicano.<\/span><\/p>\n<p><span class=\"text1noticias\"> <\/span><\/p>\n<p><span class=\"text1noticias\">El en reality dirigido por destacado productor Argentino Esteban Martin junto a la coordinaci\u00f3n provincial del Ministerio de cultura participan las principales ciudades del pa\u00eds en m\u00e1s de 800 comparsas inscritas donde solo falta La vega.<\/span><\/p>\n<p><span class=\"text1noticias\"> <\/span><\/p>\n<p><span class=\"text1noticias\">Seg\u00fan datos de la costosa producci\u00f3n se ha dado seguimiento a la situaci\u00f3n en b\u00fasqueda de unir el pa\u00eds en una sola fiesta pero los veganos mantienen la negativa y dicen \u00absolo podr\u00edan aparecer en el reality con una muestra de su Colorido carnaval ya que expresan no estar al mismo nivel de competencia\u00bb.<\/span><\/p>\n<p><span class=\"text1noticias\"> <\/span><\/p>\n<p><span class=\"text1noticias\">Esta semana el reality contin\u00faa con su lucha p\u00fablica de convencer a los carnavaleros veganos; Domingo bautista, Xiomara Fortuna, Roldan Marmol y Marivell Contreras llaman a la uni\u00f3n. Mientras en la disputa Santiago y los lechones del norte compiten ante la mirada preocupada de las comparsas de Santo Domingo.<\/span><\/p>\n<p><span class=\"text1noticias\"> <\/span><\/p>\n<p><span class=\"text1noticias\">El color, la m\u00fasica y el folclor nacional del se ven expuestos en el reality \u00abVIVE EL CARNAVAL\u00bb de lunes a viernes de 6:00 a 7:00 de la noche por Telesistema 11 bajo la conducci\u00f3n de Hony Estrella y la animaci\u00f3n de Enrique Quailey<\/span>.<\/p>\n<h6> 2012-01-15 16:15:25 <\/h6>\n<p><!--\n<link rel=\"stylesheet\" href=\"css\/bootstrap.min.css\">\n\n\n<ul class=\"pagination\">\n\t    \n\t\n\n<li >\n\t<a href='?page_no=18172'>Previous<\/a>\n\t<\/li>\n\n\n       \n    \n\n<li><a href='?page_no=1'>1<\/a><\/li>\n\n\n\n<li><a href='?page_no=2'>2<\/a><\/li>\n\n\n\n<li><a>...<\/a><\/li>\n\n\n\n<li><a href='?page_no=18171'>18171<\/a><\/li>\n\n\n\n<li><a href='?page_no=18172'>18172<\/a><\/li>\n\n\n\n<li class='active'><a>18173<\/a><\/li>\n\n\n\n<li><a href='?page_no=18174'>18174<\/a><\/li>\n\n\n\n<li><a href='?page_no=18175'>18175<\/a><\/li>\n\n\n\n<li><a>...<\/a><\/li>\n\n\n\n<li><a href='?page_no=22911'>22911<\/a><\/li>\n\n\n\n<li><a href='?page_no=22912'>22912<\/a><\/li>\n\n    \n\t\n\n<li >\n\t<a href='?page_no=18174'>Next<\/a>\n\t<\/li>\n\n\n    \n\n<li><a href='?page_no=22912'>Last &rsaquo;&rsaquo;<\/a><\/li>\n\n<\/ul>\n\n\n--><br \/>\n<\/body><\/p>\n","protected":false},"excerpt":{"rendered":"<p>Rep. Dom, 15 de Enero.- A una semana de su inicio, el reality \u00abVIVE EL CARNAVAL\u00bb crea tensi\u00f3n y pol\u00e9mica entre las comparsas del Pa\u00eds. La ciudad de La Vega re\u00fasa participar en el programa de temporada que auspicia el Ministerio de Cultura. En un momento delicado para La Vega que ve dividido su carnaval [&hellip;]<\/p>\n","protected":false},"author":3,"featured_media":0,"comment_status":"open","ping_status":"open","sticky":false,"template":"","format":"standard","meta":{"footnotes":""},"categories":[21],"tags":[],"class_list":["post-66495","post","type-post","status-publish","format-standard","hentry","category-cultura"],"_links":{"self":[{"href":"https:\/\/diariodominicano.com\/index.php?rest_route=\/wp\/v2\/posts\/66495","targetHints":{"allow":["GET"]}}],"collection":[{"href":"https:\/\/diariodominicano.com\/index.php?rest_route=\/wp\/v2\/posts"}],"about":[{"href":"https:\/\/diariodominicano.com\/index.php?rest_route=\/wp\/v2\/types\/post"}],"author":[{"embeddable":true,"href":"https:\/\/diariodominicano.com\/index.php?rest_route=\/wp\/v2\/users\/3"}],"replies":[{"embeddable":true,"href":"https:\/\/diariodominicano.com\/index.php?rest_route=%2Fwp%2Fv2%2Fcomments&post=66495"}],"version-history":[{"count":0,"href":"https:\/\/diariodominicano.com\/index.php?rest_route=\/wp\/v2\/posts\/66495\/revisions"}],"wp:attachment":[{"href":"https:\/\/diariodominicano.com\/index.php?rest_route=%2Fwp%2Fv2%2Fmedia&parent=66495"}],"wp:term":[{"taxonomy":"category","embeddable":true,"href":"https:\/\/diariodominicano.com\/index.php?rest_route=%2Fwp%2Fv2%2Fcategories&post=66495"},{"taxonomy":"post_tag","embeddable":true,"href":"https:\/\/diariodominicano.com\/index.php?rest_route=%2Fwp%2Fv2%2Ftags&post=66495"}],"curies":[{"name":"wp","href":"https:\/\/api.w.org\/{rel}","templated":true}]}}