{"id":66493,"date":"2012-01-15T19:59:36","date_gmt":"2012-01-15T19:59:36","guid":{"rendered":"http:\/\/diariodominicano.ddns.net\/?p=66493"},"modified":"2012-01-15T19:59:36","modified_gmt":"2012-01-15T19:59:36","slug":"joseph-calleja-deslumbra-con-voz-magnifica-en-fausto","status":"publish","type":"post","link":"https:\/\/diariodominicano.com\/?p=66493","title":{"rendered":"Joseph Calleja deslumbra con voz magn\u00edfica en \u00abFausto\u00bb"},"content":{"rendered":"<p><body><\/p>\n<p><span class=\"text1noticias\">Nueva York, 15 enero.- El viernes 13 result\u00f3 una gran noche en la \u00f3pera para los admiradores de Joseph Calleja, pues despu\u00e9s de ausentarse parcial o totalmente de las dos presentaciones anteriores por enfermedad, el tenor malt\u00e9s regres\u00f3 con una voz intensa y deslumbrante en el papel principal del \u00abFausto\u00bb de Gounod en el escenario del Metropolitan Opera.<\/span><\/p>\n<\/p>\n<p><span class=\"text1noticias\">Desde las primeras frases en el personaje del cient\u00edfico anciano que le vende su alma al diablo para recuperar la juventud, Calleja expuso la calidad que permite reconocer instant\u00e1neamente su voz: Una sonoridad c\u00e1lida y tersa realzada por un vibrato r\u00e1pido que afianza al tono en lugar de dispersarlo.<\/span><\/p>\n<\/p>\n<p><span class=\"text1noticias\">En uno de los momentos luminosos de la obra, cuando enton\u00f3 un decrescendo bajando gradualmente el volumen en el do agudo que corona el aria \u00abSalut, demeure chaste et pure\u00bb, su rostro resplandeci\u00f3 con una expresi\u00f3n de orgullo y placer por compartir un logro extraordinario con un auditorio cautivado<\/span>.<\/p>\n<h6> 2012-01-15 19:59:36 <\/h6>\n<p><!--\n<link rel=\"stylesheet\" href=\"css\/bootstrap.min.css\">\n\n\n<ul class=\"pagination\">\n\t    \n\t\n\n<li >\n\t<a href='?page_no=18170'>Previous<\/a>\n\t<\/li>\n\n\n       \n    \n\n<li><a href='?page_no=1'>1<\/a><\/li>\n\n\n\n<li><a href='?page_no=2'>2<\/a><\/li>\n\n\n\n<li><a>...<\/a><\/li>\n\n\n\n<li><a href='?page_no=18169'>18169<\/a><\/li>\n\n\n\n<li><a href='?page_no=18170'>18170<\/a><\/li>\n\n\n\n<li class='active'><a>18171<\/a><\/li>\n\n\n\n<li><a href='?page_no=18172'>18172<\/a><\/li>\n\n\n\n<li><a href='?page_no=18173'>18173<\/a><\/li>\n\n\n\n<li><a>...<\/a><\/li>\n\n\n\n<li><a href='?page_no=22911'>22911<\/a><\/li>\n\n\n\n<li><a href='?page_no=22912'>22912<\/a><\/li>\n\n    \n\t\n\n<li >\n\t<a href='?page_no=18172'>Next<\/a>\n\t<\/li>\n\n\n    \n\n<li><a href='?page_no=22912'>Last &rsaquo;&rsaquo;<\/a><\/li>\n\n<\/ul>\n\n\n--><br \/>\n<\/body><\/p>\n","protected":false},"excerpt":{"rendered":"<p>Nueva York, 15 enero.- El viernes 13 result\u00f3 una gran noche en la \u00f3pera para los admiradores de Joseph Calleja, pues despu\u00e9s de ausentarse parcial o totalmente de las dos presentaciones anteriores por enfermedad, el tenor malt\u00e9s regres\u00f3 con una voz intensa y deslumbrante en el papel principal del \u00abFausto\u00bb de Gounod en el escenario [&hellip;]<\/p>\n","protected":false},"author":3,"featured_media":0,"comment_status":"open","ping_status":"open","sticky":false,"template":"","format":"standard","meta":{"footnotes":""},"categories":[21],"tags":[],"class_list":["post-66493","post","type-post","status-publish","format-standard","hentry","category-cultura"],"_links":{"self":[{"href":"https:\/\/diariodominicano.com\/index.php?rest_route=\/wp\/v2\/posts\/66493","targetHints":{"allow":["GET"]}}],"collection":[{"href":"https:\/\/diariodominicano.com\/index.php?rest_route=\/wp\/v2\/posts"}],"about":[{"href":"https:\/\/diariodominicano.com\/index.php?rest_route=\/wp\/v2\/types\/post"}],"author":[{"embeddable":true,"href":"https:\/\/diariodominicano.com\/index.php?rest_route=\/wp\/v2\/users\/3"}],"replies":[{"embeddable":true,"href":"https:\/\/diariodominicano.com\/index.php?rest_route=%2Fwp%2Fv2%2Fcomments&post=66493"}],"version-history":[{"count":0,"href":"https:\/\/diariodominicano.com\/index.php?rest_route=\/wp\/v2\/posts\/66493\/revisions"}],"wp:attachment":[{"href":"https:\/\/diariodominicano.com\/index.php?rest_route=%2Fwp%2Fv2%2Fmedia&parent=66493"}],"wp:term":[{"taxonomy":"category","embeddable":true,"href":"https:\/\/diariodominicano.com\/index.php?rest_route=%2Fwp%2Fv2%2Fcategories&post=66493"},{"taxonomy":"post_tag","embeddable":true,"href":"https:\/\/diariodominicano.com\/index.php?rest_route=%2Fwp%2Fv2%2Ftags&post=66493"}],"curies":[{"name":"wp","href":"https:\/\/api.w.org\/{rel}","templated":true}]}}