{"id":66492,"date":"2012-01-15T20:03:49","date_gmt":"2012-01-15T20:03:49","guid":{"rendered":"http:\/\/diariodominicano.ddns.net\/?p=66492"},"modified":"2012-01-15T20:03:49","modified_gmt":"2012-01-15T20:03:49","slug":"fue-envenenado-neruda-exhumacion-de-su-cadaver-podria-aclararlo","status":"publish","type":"post","link":"https:\/\/diariodominicano.com\/?p=66492","title":{"rendered":"\u00bfFue envenenado Neruda? Exhumaci\u00f3n de su cad\u00e1ver podr\u00eda aclararlo"},"content":{"rendered":"<p><body><\/p>\n<p><span class=\"text1noticias\">Isla Negra, Chile , 15 enero.-Es tal vez imposible evitar las suspicacias, pero Pablo Neruda, premio Nobel de Literatura, el gran poeta latinoamericano, hubiera podido ser el gran vocero de la oposici\u00f3n a la dictadura de Augusto Pinochet, sin embargo, falleci\u00f3 24 horas antes de su salida de Chile rumbo a M\u00e9xico, en los turbulentos d\u00edas que siguieron al golpe militar.<\/span><\/p>\n<p><span class=\"text1noticias\"> <\/span><\/p>\n<p><span class=\"text1noticias\">Mientras que su viuda neg\u00f3 un posible asesinato y su fundaci\u00f3n dice lo mismo, la teor\u00eda renaci\u00f3 casi 40 a\u00f1os despu\u00e9s dejando en evidencia las sospechas que han pendido en esta naci\u00f3n de 17 millones de personas sobre el hecho de que la historia completa, siniestra y truculenta de lo ocurrido en los d\u00edas posteriores al golpe permanece oculta.<\/span><\/p>\n<p><span class=\"text1noticias\"> <\/span><\/p>\n<p><span class=\"text1noticias\">La versi\u00f3n oficial dice que la pena que le ocasionaron el golpe militar y la muerte de su \u00edntimo amigo, el presidente Allende, lo sumieron en una depresi\u00f3n que aceler\u00f3 su enfermedad y lo mat\u00f3 12 d\u00edas despu\u00e9s.<\/span><\/p>\n<p><span class=\"text1noticias\"> <\/span><\/p>\n<p><span class=\"text1noticias\">Pero los indicios de que Neruda no muri\u00f3 de causas naturales en la v\u00edspera de viajar cobraron relevancia cuando el Partido Comunista chileno (PC) decidi\u00f3 finalmente escuchar la denuncia de Manuel Araya, chofer, secretario y guardaespaldas del poeta, seg\u00fan la cual fue asesinado.<\/span><\/p>\n<p><span class=\"text1noticias\"> <\/span><\/p>\n<p><span class=\"text1noticias\">El 5 de diciembre Araya pidi\u00f3 la exhumaci\u00f3n del cad\u00e1ver para despejar las dudas. Dijo a la AP que Neruda muri\u00f3 pocas horas despu\u00e9s de una inyecci\u00f3n de dipirona que le aplicaron en el est\u00f3mago, y que le caus\u00f3 fiebre y malestar generalizado.<\/span><\/p>\n<p><span class=\"text1noticias\"> <\/span><\/p>\n<p><span class=\"text1noticias\">El abogado del PC, Eduardo Contreras, present\u00f3 una denuncia por el presunto homicidio del poeta en mayo, luego de que la revista mexicana Proceso publicara una entrevista con Araya que caus\u00f3 revuelo internacional.<\/span><\/p>\n<p><span class=\"text1noticias\"> <\/span><\/p>\n<p><span class=\"text1noticias\">\u00abFue ese a\u00f1o que conocimos a Manuel Araya: su relato es coherente y comprobable\u00bb, dijo Contreras, jurista especializado en derechos humanos. Neruda perteneci\u00f3 por 28 a\u00f1os al PC hasta el d\u00eda de su muerte<\/span><\/p>\n<p><span class=\"text1noticias\"> <\/span><\/p>\n<p><span class=\"text1noticias\">Araya dice que un m\u00e9dico, que no atend\u00eda a Neruda cuando estaba internado en una cl\u00ednica, le puso u orden\u00f3 ponerle la inyecci\u00f3n letal.<\/span><\/p>\n<p><span class=\"text1noticias\"> <\/span><\/p>\n<p><span class=\"text1noticias\">Neruda hab\u00eda sido recluido en la Cl\u00ednica Santa Mar\u00eda por un c\u00e1ncer de pr\u00f3stata que sufr\u00eda, por padecer de flebitis y de una artrosis en la cadera.<\/span><\/p>\n<p><span class=\"text1noticias\"> <\/span><\/p>\n<p><span class=\"text1noticias\">\u00abCoincidentemente\u00bb, dijo Araya en tono ir\u00f3nico, el m\u00e9dico Sergio Draper, \u00abiba pasando por el pasillo, (cuando) la enfermera lo llama diciendo que Neruda ten\u00eda muchos dolores, y este m\u00e9dico, muy gentil, va y le coloca una dipirona (un analg\u00e9sico), y la dipirona&#8230; lo mata\u00bb.<\/span><\/p>\n<p><span class=\"text1noticias\"> <\/span><\/p>\n<p><span class=\"text1noticias\">Araya no fue testigo directo de los hechos. Dice que una enfermera le cont\u00f3 la historia y que no recuerda su nombre.<\/span><\/p>\n<p><span class=\"text1noticias\"> <\/span><\/p>\n<p><span class=\"text1noticias\">La AP intent\u00f3 establecer comunicaci\u00f3n, sin \u00e9xito, con Draper llamando a la cl\u00ednica y al Colegio de M\u00e9dicos de Chile.<\/span><\/p>\n<p><span class=\"text1noticias\"> <\/span><\/p>\n<p><span class=\"text1noticias\">Pero en un reportaje de la revista \u00d1, del argentino diario El Clar\u00edn del 6 septiembre de 2011 titulado \u00ab\u00bfQui\u00e9n mat\u00f3 a Pablo Neruda?\u00bb, Draper dijo que \u00aba Neruda lo vi solamente un instante, el domingo 23 de septiembre, a m\u00ed no me correspond\u00eda atenderlo. Ese d\u00eda la enfermera de turno me dijo que, aparentemente, Neruda sufr\u00eda de mucho dolor, le dije que se le aplicar\u00eda la inyecci\u00f3n indicada por su m\u00e9dico, si mal no recuerdo fue una dipirona&#8230; orden\u00e9 que se le diera una inyecci\u00f3n indicada por su m\u00e9dico. Fui nada m\u00e1s que un interlocutor. Es el colmo que estemos constantemente bajo sospecha\u00bb<\/span>.<\/p>\n<\/p>\n<\/p>\n<h6> 2012-01-15 20:03:49 <\/h6>\n<p><!--\n<link rel=\"stylesheet\" href=\"css\/bootstrap.min.css\">\n\n\n<ul class=\"pagination\">\n\t    \n\t\n\n<li >\n\t<a href='?page_no=18169'>Previous<\/a>\n\t<\/li>\n\n\n       \n    \n\n<li><a href='?page_no=1'>1<\/a><\/li>\n\n\n\n<li><a href='?page_no=2'>2<\/a><\/li>\n\n\n\n<li><a>...<\/a><\/li>\n\n\n\n<li><a href='?page_no=18168'>18168<\/a><\/li>\n\n\n\n<li><a href='?page_no=18169'>18169<\/a><\/li>\n\n\n\n<li class='active'><a>18170<\/a><\/li>\n\n\n\n<li><a href='?page_no=18171'>18171<\/a><\/li>\n\n\n\n<li><a href='?page_no=18172'>18172<\/a><\/li>\n\n\n\n<li><a>...<\/a><\/li>\n\n\n\n<li><a href='?page_no=22911'>22911<\/a><\/li>\n\n\n\n<li><a href='?page_no=22912'>22912<\/a><\/li>\n\n    \n\t\n\n<li >\n\t<a href='?page_no=18171'>Next<\/a>\n\t<\/li>\n\n\n    \n\n<li><a href='?page_no=22912'>Last &rsaquo;&rsaquo;<\/a><\/li>\n\n<\/ul>\n\n\n--><br \/>\n<\/body><\/p>\n","protected":false},"excerpt":{"rendered":"<p>Isla Negra, Chile , 15 enero.-Es tal vez imposible evitar las suspicacias, pero Pablo Neruda, premio Nobel de Literatura, el gran poeta latinoamericano, hubiera podido ser el gran vocero de la oposici\u00f3n a la dictadura de Augusto Pinochet, sin embargo, falleci\u00f3 24 horas antes de su salida de Chile rumbo a M\u00e9xico, en los turbulentos [&hellip;]<\/p>\n","protected":false},"author":3,"featured_media":0,"comment_status":"open","ping_status":"open","sticky":false,"template":"","format":"standard","meta":{"footnotes":""},"categories":[21],"tags":[],"class_list":["post-66492","post","type-post","status-publish","format-standard","hentry","category-cultura"],"_links":{"self":[{"href":"https:\/\/diariodominicano.com\/index.php?rest_route=\/wp\/v2\/posts\/66492","targetHints":{"allow":["GET"]}}],"collection":[{"href":"https:\/\/diariodominicano.com\/index.php?rest_route=\/wp\/v2\/posts"}],"about":[{"href":"https:\/\/diariodominicano.com\/index.php?rest_route=\/wp\/v2\/types\/post"}],"author":[{"embeddable":true,"href":"https:\/\/diariodominicano.com\/index.php?rest_route=\/wp\/v2\/users\/3"}],"replies":[{"embeddable":true,"href":"https:\/\/diariodominicano.com\/index.php?rest_route=%2Fwp%2Fv2%2Fcomments&post=66492"}],"version-history":[{"count":0,"href":"https:\/\/diariodominicano.com\/index.php?rest_route=\/wp\/v2\/posts\/66492\/revisions"}],"wp:attachment":[{"href":"https:\/\/diariodominicano.com\/index.php?rest_route=%2Fwp%2Fv2%2Fmedia&parent=66492"}],"wp:term":[{"taxonomy":"category","embeddable":true,"href":"https:\/\/diariodominicano.com\/index.php?rest_route=%2Fwp%2Fv2%2Fcategories&post=66492"},{"taxonomy":"post_tag","embeddable":true,"href":"https:\/\/diariodominicano.com\/index.php?rest_route=%2Fwp%2Fv2%2Ftags&post=66492"}],"curies":[{"name":"wp","href":"https:\/\/api.w.org\/{rel}","templated":true}]}}