{"id":66491,"date":"2012-01-15T20:12:16","date_gmt":"2012-01-15T20:12:16","guid":{"rendered":"http:\/\/diariodominicano.ddns.net\/?p=66491"},"modified":"2012-01-15T20:12:16","modified_gmt":"2012-01-15T20:12:16","slug":"los-sesenta-de-pollini","status":"publish","type":"post","link":"https:\/\/diariodominicano.com\/?p=66491","title":{"rendered":"Los sesenta de Pollini"},"content":{"rendered":"<p><body><\/p>\n<p><span class=\"text1noticias\">Miami, Florida, 15 enero.- Este a\u00f1o 2012 constituye un per\u00edodo de \u00e9xitos, triunfos y conmemoraciones para Maurizio Pollini, comenzando por sus 70 a\u00f1os que cumple precisamente en enero. <\/span><\/p>\n<\/p>\n<p><span class=\"text1noticias\">Adem\u00e1s, marca el 60 aniversario de su primera presentaci\u00f3n en p\u00fablico, inicio de una carrera que abarca dos generaciones de pianistas y prosigue sin descanso. <\/span><\/p>\n<\/p>\n<p><span class=\"text1noticias\">Y la casa Deutsche Grammophon, afiliada a Pollini desde 1971, lo celebra con este triple compacto retrospectivo de obras completas que van desde Stravinski a Beethoven y Mozart, en un repertorio seleccionado por el propio artista. Una entrega aut\u00e9ntica y de colecci\u00f3n. <\/span><\/p>\n<\/p>\n<\/p>\n<h6> 2012-01-15 20:12:16 <\/h6>\n<p><!--\n<link rel=\"stylesheet\" href=\"css\/bootstrap.min.css\">\n\n\n<ul class=\"pagination\">\n\t    \n\t\n\n<li >\n\t<a href='?page_no=18168'>Previous<\/a>\n\t<\/li>\n\n\n       \n    \n\n<li><a href='?page_no=1'>1<\/a><\/li>\n\n\n\n<li><a href='?page_no=2'>2<\/a><\/li>\n\n\n\n<li><a>...<\/a><\/li>\n\n\n\n<li><a href='?page_no=18167'>18167<\/a><\/li>\n\n\n\n<li><a href='?page_no=18168'>18168<\/a><\/li>\n\n\n\n<li class='active'><a>18169<\/a><\/li>\n\n\n\n<li><a href='?page_no=18170'>18170<\/a><\/li>\n\n\n\n<li><a href='?page_no=18171'>18171<\/a><\/li>\n\n\n\n<li><a>...<\/a><\/li>\n\n\n\n<li><a href='?page_no=22911'>22911<\/a><\/li>\n\n\n\n<li><a href='?page_no=22912'>22912<\/a><\/li>\n\n    \n\t\n\n<li >\n\t<a href='?page_no=18170'>Next<\/a>\n\t<\/li>\n\n\n    \n\n<li><a href='?page_no=22912'>Last &rsaquo;&rsaquo;<\/a><\/li>\n\n<\/ul>\n\n\n--><br \/>\n<\/body><\/p>\n","protected":false},"excerpt":{"rendered":"<p>Miami, Florida, 15 enero.- Este a\u00f1o 2012 constituye un per\u00edodo de \u00e9xitos, triunfos y conmemoraciones para Maurizio Pollini, comenzando por sus 70 a\u00f1os que cumple precisamente en enero. Adem\u00e1s, marca el 60 aniversario de su primera presentaci\u00f3n en p\u00fablico, inicio de una carrera que abarca dos generaciones de pianistas y prosigue sin descanso. Y la [&hellip;]<\/p>\n","protected":false},"author":3,"featured_media":0,"comment_status":"open","ping_status":"open","sticky":false,"template":"","format":"standard","meta":{"footnotes":""},"categories":[21],"tags":[],"class_list":["post-66491","post","type-post","status-publish","format-standard","hentry","category-cultura"],"_links":{"self":[{"href":"https:\/\/diariodominicano.com\/index.php?rest_route=\/wp\/v2\/posts\/66491","targetHints":{"allow":["GET"]}}],"collection":[{"href":"https:\/\/diariodominicano.com\/index.php?rest_route=\/wp\/v2\/posts"}],"about":[{"href":"https:\/\/diariodominicano.com\/index.php?rest_route=\/wp\/v2\/types\/post"}],"author":[{"embeddable":true,"href":"https:\/\/diariodominicano.com\/index.php?rest_route=\/wp\/v2\/users\/3"}],"replies":[{"embeddable":true,"href":"https:\/\/diariodominicano.com\/index.php?rest_route=%2Fwp%2Fv2%2Fcomments&post=66491"}],"version-history":[{"count":0,"href":"https:\/\/diariodominicano.com\/index.php?rest_route=\/wp\/v2\/posts\/66491\/revisions"}],"wp:attachment":[{"href":"https:\/\/diariodominicano.com\/index.php?rest_route=%2Fwp%2Fv2%2Fmedia&parent=66491"}],"wp:term":[{"taxonomy":"category","embeddable":true,"href":"https:\/\/diariodominicano.com\/index.php?rest_route=%2Fwp%2Fv2%2Fcategories&post=66491"},{"taxonomy":"post_tag","embeddable":true,"href":"https:\/\/diariodominicano.com\/index.php?rest_route=%2Fwp%2Fv2%2Ftags&post=66491"}],"curies":[{"name":"wp","href":"https:\/\/api.w.org\/{rel}","templated":true}]}}