{"id":66487,"date":"2012-01-16T15:57:35","date_gmt":"2012-01-16T15:57:35","guid":{"rendered":"http:\/\/diariodominicano.ddns.net\/?p=66487"},"modified":"2012-01-16T15:57:35","modified_gmt":"2012-01-16T15:57:35","slug":"comienza-premio-literario-casa-de-las-americas-2012","status":"publish","type":"post","link":"https:\/\/diariodominicano.com\/?p=66487","title":{"rendered":"Comienza Premio Literario Casa de las Am\u00e9ricas 2012"},"content":{"rendered":"<p><body><\/p>\n<p><img decoding=\"async\" src=\"img3\/eduardo galeano.jpg\" \/>  <\/p>\n<p><span class=\"text1noticias\">La Habana, 16 ene (PL).-  El escritor uruguayo Eduardo Galeano inaugurar\u00e1 hoy aqu\u00ed el 53 Premio Literario Casa de las Am\u00e9ricas, en el que concursar\u00e1n unos 400 originales, la mayor\u00eda de Argentina, Brasil y Colombia.<\/span><\/p>\n<\/p>\n<p><span class=\"text1noticias\">La Sala Che Guevara de Casa se vestir\u00e1 de gala para acoger a las 22 personalidades que integrar\u00e1n el jurado en las seis modalidades convocadas en esta edici\u00f3n.<\/span><\/p>\n<\/p>\n<p><span class=\"text1noticias\">En literatura para ni\u00f1os y j\u00f3venes, uno de los g\u00e9neros m\u00e1s representados, estar\u00e1n la ecuatoriana Leonor Bravo, el italo-espa\u00f1ol Carlos Frabetti, la boliviana Liliana de la Quintana, el dominicano Avelino Stanley y elcubano Nelson Sim\u00f3n.<\/span><\/p>\n<\/p>\n<p><span class=\"text1noticias\">En teatro, los encargados de evaluar los originales ser\u00e1n la salvadore\u00f1a Jorgelina Cerritos, el mexicano Angel Norzagaray, el brasile\u00f1o Orlando Senna, el cubano Osvaldo Doimeadi\u00f3s y el argentino Victor Winer.<\/span><\/p>\n<\/p>\n<p><span class=\"text1noticias\">El de literatura brasile\u00f1a lo conforman Regina Crespo y Evando Nascimento y el cubano Rodolfo Alp\u00edzar, mientras que en lengua caribe\u00f1a en franc\u00e9s o creole la labor la asumir\u00e1n el haitiano Arnold Antonin, el franc\u00e9s Francis Combes y la cubana Laura Ruiza Montes.<\/span><\/p>\n<\/p>\n<p><span class=\"text1noticias\">En el jurado de estudios sobre latinos en Estados Unidos estar\u00e1n el puertorrique\u00f1o Juan Flores, el cubano-estadounidense Lisandro P\u00e9rez y el norteamericano Renato Rosaldo.<\/span><\/p>\n<\/p>\n<p><span class=\"text1noticias\">Los responsables de evaluar las obras del premio extraordinario sobre la presencia negra en la Am\u00e9rica y el Caribe contempor\u00e1neos ser\u00e1n el costarricense Quince Duncan, la argentina Rita Laura Segato y el cubano Esteban Morales.<\/span><\/p>\n<\/p>\n<p><span class=\"text1noticias\">Adem\u00e1s de los libros ganadores en las diferentes modalidades se entregar\u00e1n los premios honor\u00edficos Jos\u00e9 Mar\u00eda Arguedas, de narrativa; Ezequiel Mart\u00ednez Estrada, de ensayo; y Jos\u00e9 Lezama Lima, de poes\u00eda.<\/span><\/p>\n<\/p>\n<p><span class=\"text1noticias\">Paralelamente, los jurados intervendr\u00e1n en mesas redondas y paneles. Conciertos, exposiciones y presentaciones de t\u00edtulos componen el programa, al que el p\u00fablico tendr\u00e1 acceso de manera gratuita hasta el 26 de enero, cuando se dar\u00e1n a conocer los ganadores.<\/span><\/p>\n<\/p>\n<p><span class=\"text1noticias\">Fundado en 1959, el premio Casa tiene como principal objetivo estimular y difundir las letras del continente<\/span>.<\/p>\n<h6> 2012-01-16 15:57:35 <\/h6>\n<p><!--\n<link rel=\"stylesheet\" href=\"css\/bootstrap.min.css\">\n\n\n<ul class=\"pagination\">\n\t    \n\t\n\n<li >\n\t<a href='?page_no=18164'>Previous<\/a>\n\t<\/li>\n\n\n       \n    \n\n<li><a href='?page_no=1'>1<\/a><\/li>\n\n\n\n<li><a href='?page_no=2'>2<\/a><\/li>\n\n\n\n<li><a>...<\/a><\/li>\n\n\n\n<li><a href='?page_no=18163'>18163<\/a><\/li>\n\n\n\n<li><a href='?page_no=18164'>18164<\/a><\/li>\n\n\n\n<li class='active'><a>18165<\/a><\/li>\n\n\n\n<li><a href='?page_no=18166'>18166<\/a><\/li>\n\n\n\n<li><a href='?page_no=18167'>18167<\/a><\/li>\n\n\n\n<li><a>...<\/a><\/li>\n\n\n\n<li><a href='?page_no=22911'>22911<\/a><\/li>\n\n\n\n<li><a href='?page_no=22912'>22912<\/a><\/li>\n\n    \n\t\n\n<li >\n\t<a href='?page_no=18166'>Next<\/a>\n\t<\/li>\n\n\n    \n\n<li><a href='?page_no=22912'>Last &rsaquo;&rsaquo;<\/a><\/li>\n\n<\/ul>\n\n\n--><br \/>\n<\/body><\/p>\n","protected":false},"excerpt":{"rendered":"<p>La Habana, 16 ene (PL).- El escritor uruguayo Eduardo Galeano inaugurar\u00e1 hoy aqu\u00ed el 53 Premio Literario Casa de las Am\u00e9ricas, en el que concursar\u00e1n unos 400 originales, la mayor\u00eda de Argentina, Brasil y Colombia. La Sala Che Guevara de Casa se vestir\u00e1 de gala para acoger a las 22 personalidades que integrar\u00e1n el jurado [&hellip;]<\/p>\n","protected":false},"author":3,"featured_media":0,"comment_status":"open","ping_status":"open","sticky":false,"template":"","format":"standard","meta":{"footnotes":""},"categories":[21],"tags":[],"class_list":["post-66487","post","type-post","status-publish","format-standard","hentry","category-cultura"],"_links":{"self":[{"href":"https:\/\/diariodominicano.com\/index.php?rest_route=\/wp\/v2\/posts\/66487","targetHints":{"allow":["GET"]}}],"collection":[{"href":"https:\/\/diariodominicano.com\/index.php?rest_route=\/wp\/v2\/posts"}],"about":[{"href":"https:\/\/diariodominicano.com\/index.php?rest_route=\/wp\/v2\/types\/post"}],"author":[{"embeddable":true,"href":"https:\/\/diariodominicano.com\/index.php?rest_route=\/wp\/v2\/users\/3"}],"replies":[{"embeddable":true,"href":"https:\/\/diariodominicano.com\/index.php?rest_route=%2Fwp%2Fv2%2Fcomments&post=66487"}],"version-history":[{"count":0,"href":"https:\/\/diariodominicano.com\/index.php?rest_route=\/wp\/v2\/posts\/66487\/revisions"}],"wp:attachment":[{"href":"https:\/\/diariodominicano.com\/index.php?rest_route=%2Fwp%2Fv2%2Fmedia&parent=66487"}],"wp:term":[{"taxonomy":"category","embeddable":true,"href":"https:\/\/diariodominicano.com\/index.php?rest_route=%2Fwp%2Fv2%2Fcategories&post=66487"},{"taxonomy":"post_tag","embeddable":true,"href":"https:\/\/diariodominicano.com\/index.php?rest_route=%2Fwp%2Fv2%2Ftags&post=66487"}],"curies":[{"name":"wp","href":"https:\/\/api.w.org\/{rel}","templated":true}]}}