{"id":664860,"date":"2026-02-11T17:19:02","date_gmt":"2026-02-11T21:19:02","guid":{"rendered":"https:\/\/diariodominicano.com\/?p=664860"},"modified":"2026-02-12T03:26:32","modified_gmt":"2026-02-12T07:26:32","slug":"evaluan-positivamente-presidencia-angolena-de-la-union-africana","status":"publish","type":"post","link":"https:\/\/diariodominicano.com\/?p=664860","title":{"rendered":"Eval\u00faan positivamente presidencia angole\u00f1a de la Uni\u00f3n Africana"},"content":{"rendered":"\n<p>Addis Abeba, 11 feb (Prensa Latina) El ministro de Relaciones Exteriores de Angola, T\u00e9te Ant\u00f3nio, valor\u00f3 hoy como exitosa la presidencia angole\u00f1a de la Uni\u00f3n Africana (UA), durante la apertura de la 48 sesi\u00f3n ordinaria del Consejo Ejecutivo de la organizaci\u00f3n continental.<\/p>\n\n\n\n<p><a href=\"https:\/\/www.prensa-latina.cu\/2026\/02\/11\/\"><time>febrero 11, 2026 | 05:59<\/time><\/a> <\/p>\n\n\n\n<p>Foto: Canciller\u00eda de Angola<\/p>\n\n\n\n<p>Agradeci\u00f3 a todos los Estados miembros por el apoyo brindado a su pa\u00eds durante el mandato que concluye el 15 de febrero y destac\u00f3 la visi\u00f3n pragm\u00e1tica e inclusiva con la cual se llevaron a cabo las acciones en este periodo.<\/p>\n\n\n\n<p>Ant\u00f3nio list\u00f3 cuestiones que estuvieron en la agenda, como las reformas estructurales en el seno de la UA, donde consider\u00f3 se registraron avances significativos, en particular vinculados a la conclusi\u00f3n del proceso de elecci\u00f3n del liderazgo de la organizaci\u00f3n y los esfuerzos para revitalizar los m\u00e9todos de trabajo y tornarlos m\u00e1s eficientes.<\/p>\n\n\n\n<p>\u201cAngola promovi\u00f3 una diplomacia activa y constructiva, contribuyendo para la realizaci\u00f3n de importantes encuentros\u201d, refiri\u00f3 el canciller, que puso como ejemplo la s\u00e9ptima cumbre de la Uni\u00f3n Africana y la Uni\u00f3n Europea, realizada en noviembre en Luanda.<\/p>\n\n\n\n<p>Agreg\u00f3 que estos eventos, como la Conferencia Internacional de Tokio sobre el Desarrollo de \u00c1frica, en agosto pasado, reforzaron la voz de \u00c1frica en el escenario global y consolidaron alianzas estrat\u00e9gicas basadas en el respeto mutuo e intereses comunes.<\/p>\n\n\n\n<p>\u201cEn el dominio de la paz y seguridad, Angola dio una contribuci\u00f3n persistente y continua a todos los niveles: t\u00e9cnico, diplom\u00e1tico y pol\u00edtico, durante su mandato de dos a\u00f1os en el Consejo de Paz y Seguridad de la Uni\u00f3n Africana\u201d, agreg\u00f3.<\/p>\n\n\n\n<p>Destac\u00f3 la designaci\u00f3n del presidente de Burundi como facilitador para la regi\u00f3n del Sahel y del presidente de Togo como mediador de la UA en el conflicto en Rep\u00fablica Democr\u00e1tica del Congo, as\u00ed como remarc\u00f3 que su pa\u00eds ha respaldado todas las iniciativas destinadas a la estabilidad, la paz y la reconciliaci\u00f3n del continente africano.<\/p>\n\n\n\n<p>Sostuvo que el pa\u00eds tiene la determinaci\u00f3n de concluir de forma responsable los asuntos pendientes y sentar bases s\u00f3lidas para las etapas que contin\u00faan en el trabajo colectivo de la organizaci\u00f3n continental.<\/p>\n\n\n\n<p>Al respecto, mencion\u00f3 cuestiones como la adopci\u00f3n de una nueva escala para las contribuciones a la UA, pues la que est\u00e1 actualmente en vigor se encuentra completamente desactualizada.<\/p>\n\n\n\n<p>Apunt\u00f3 que ya est\u00e1n formuladas propuestas que se sustentan en los principios de solidaridad, equidad y capacidad de pago, lo que permite una distribuci\u00f3n m\u00e1s equilibrada de las contribuciones y refuerza la resiliencia financiera de la organizaci\u00f3n.<\/p>\n\n\n\n<p>\u201cReafirmamos nuestro compromiso con el fortalecimiento institucional de la organizaci\u00f3n, con una Uni\u00f3n Africana m\u00e1s sustentable, solidaria y capaz de responder a las prioridades del continente, en un esp\u00edritu de responsabilidad compartida y cooperaci\u00f3n entre los Estados miembros\u201d, dijo Ant\u00f3nio.<\/p>\n\n\n\n<p>En sus palabras tambi\u00e9n expres\u00f3 condolencias a Marruecos y Mozambique por las p\u00e9rdidas de vidas humanas causadas por las \u201crecientes y catastr\u00f3ficas inundaciones\u201d, y reiter\u00f3 la solidaridad fraterna y el apoyo a estos pa\u00edses y las poblaciones afectadas.<\/p>\n\n\n\n<p>mem\/kmg<\/p>\n\n\n\n<ul class=\"wp-block-list\">\n<li>#<a href=\"https:\/\/www.prensa-latina.cu\/etiqueta\/angola\/\">angola<\/a>&nbsp;#<a href=\"https:\/\/www.prensa-latina.cu\/etiqueta\/presidencia\/\">presidencia<\/a><\/li>\n<\/ul>\n","protected":false},"excerpt":{"rendered":"<p>Addis Abeba, 11 feb (Prensa Latina) El ministro de Relaciones Exteriores de Angola, T\u00e9te Ant\u00f3nio, valor\u00f3 hoy como exitosa la presidencia angole\u00f1a de la Uni\u00f3n Africana (UA), durante la apertura de la 48 sesi\u00f3n ordinaria del Consejo Ejecutivo de la organizaci\u00f3n continental. febrero 11, 2026 | 05:59 Foto: Canciller\u00eda de Angola Agradeci\u00f3 a todos los [&hellip;]<\/p>\n","protected":false},"author":2,"featured_media":664861,"comment_status":"open","ping_status":"closed","sticky":false,"template":"","format":"standard","meta":{"footnotes":""},"categories":[23],"tags":[3418,4479],"class_list":["post-664860","post","type-post","status-publish","format-standard","has-post-thumbnail","hentry","category-internacional","tag-angola","tag-union-africana"],"_links":{"self":[{"href":"https:\/\/diariodominicano.com\/index.php?rest_route=\/wp\/v2\/posts\/664860","targetHints":{"allow":["GET"]}}],"collection":[{"href":"https:\/\/diariodominicano.com\/index.php?rest_route=\/wp\/v2\/posts"}],"about":[{"href":"https:\/\/diariodominicano.com\/index.php?rest_route=\/wp\/v2\/types\/post"}],"author":[{"embeddable":true,"href":"https:\/\/diariodominicano.com\/index.php?rest_route=\/wp\/v2\/users\/2"}],"replies":[{"embeddable":true,"href":"https:\/\/diariodominicano.com\/index.php?rest_route=%2Fwp%2Fv2%2Fcomments&post=664860"}],"version-history":[{"count":2,"href":"https:\/\/diariodominicano.com\/index.php?rest_route=\/wp\/v2\/posts\/664860\/revisions"}],"predecessor-version":[{"id":664958,"href":"https:\/\/diariodominicano.com\/index.php?rest_route=\/wp\/v2\/posts\/664860\/revisions\/664958"}],"wp:featuredmedia":[{"embeddable":true,"href":"https:\/\/diariodominicano.com\/index.php?rest_route=\/wp\/v2\/media\/664861"}],"wp:attachment":[{"href":"https:\/\/diariodominicano.com\/index.php?rest_route=%2Fwp%2Fv2%2Fmedia&parent=664860"}],"wp:term":[{"taxonomy":"category","embeddable":true,"href":"https:\/\/diariodominicano.com\/index.php?rest_route=%2Fwp%2Fv2%2Fcategories&post=664860"},{"taxonomy":"post_tag","embeddable":true,"href":"https:\/\/diariodominicano.com\/index.php?rest_route=%2Fwp%2Fv2%2Ftags&post=664860"}],"curies":[{"name":"wp","href":"https:\/\/api.w.org\/{rel}","templated":true}]}}