{"id":66486,"date":"2012-01-16T22:02:14","date_gmt":"2012-01-16T22:02:14","guid":{"rendered":"http:\/\/diariodominicano.ddns.net\/?p=66486"},"modified":"2012-01-16T22:02:14","modified_gmt":"2012-01-16T22:02:14","slug":"cultura-presenta-nueva-edicion-de-revista-pais-cultural","status":"publish","type":"post","link":"https:\/\/diariodominicano.com\/?p=66486","title":{"rendered":"&#13;&#13;Cultura presenta nueva edici\u00f3n de revista Pa\u00eds Cultural"},"content":{"rendered":"<p><body><\/p>\n<p><img decoding=\"async\" src=\"img3\/revista cultural 1.JPG\" \/>  <\/p>\n<p><span class=\"text1noticias\">SANTO DOMINGO, 16 Ene 2012.-El Ministerio de Cultura (MINC) puso en circulaci\u00f3n la doceava edici\u00f3n de la revista Pa\u00eds Cultural, durante la celebraci\u00f3n de  una ceremonia en la  Librer\u00eda de Cultura, en Las Atarazanas,  de la Ciudad Colonial.<\/span><\/p>\n<\/p>\n<p><span class=\"text1noticias\">La mesa de honor estuvo integrada por Basilio Belliard, Director de Gesti\u00f3n Literaria y de la  revista Pa\u00eds Cultural; Leonardo D\u00edaz, uno de los articulistas de \u00e9ste n\u00famero, \u00c1ngela Hern\u00e1ndez y Valent\u00edn Amaro, Director de Gesti\u00f3n Literaria del MINC. Acudieron tambi\u00e9n el poeta Danilo Manera y el intelectual Faustino Collado.<\/span><\/p>\n<\/p>\n<p><span class=\"text1noticias\">Correspondi\u00f3 a Valent\u00edn Amaro dar la bienvenida a los presentes, quien de inmediato present\u00f3 a Basilio Belliard, con las palabras centrales de la ceremonia.<\/span><\/p>\n<\/p>\n<p><span class=\"text1noticias\">En su discurso, Belliard dijo que \u00abPa\u00eds Cultural se erige en respuesta a una necesidad informativa y comunicativa para sus lectores nacionales y extranjeros, como plataforma para dinamizar su existencia y darle sentido de permanencia\u00bb.<\/span><\/p>\n<\/p>\n<p><span class=\"text1noticias\">Expres\u00f3 que este n\u00famero constituye un homenaje visual al fallecido maestro de la pl\u00e1stica dominicana C\u00e1ndido Bid\u00f3, cuyas ilustraciones  y portadas lo engalanan, as\u00ed como una separata especial con el tema \u00abLa Era de Trujillo, al conmemorarse el 50 aniversario de su ajusticiamiento\u00bb.<\/span><\/p>\n<\/p>\n<p><span class=\"text1noticias\">Asimismo, destac\u00f3 que se combinan la creatividad y la imaginaci\u00f3n con las propuestas de los dise\u00f1adores  Cristi\u00e1n Rodr\u00edguez y Ludwig Medina, y entre los temas desarrollados se encuentran: \u00abEl Cuento Dominicano en los A\u00f1os  1980-2000: Conflictos y Tendencias\u00bb, de Manuel Garc\u00eda Cartagena, \u00abPablo Neruda en la Literatura Dominicana\u00bb, de la autor\u00eda del maestro Antonio Lockward Artiles, \u00abLa Guerra Restauradora y su repercusi\u00f3n en las Antillas\u00bb, de Santiago Castro Ventura y \u00abLa Poes\u00eda de Este Lado del Mar\u00bb, de Jos\u00e9 Rafael Lantigua, Ministro de Cultura.<\/span><\/p>\n<\/p>\n<\/p>\n<h6> 2012-01-16 22:02:14 <\/h6>\n<p><!--\n<link rel=\"stylesheet\" href=\"css\/bootstrap.min.css\">\n\n\n<ul class=\"pagination\">\n\t    \n\t\n\n<li >\n\t<a href='?page_no=18163'>Previous<\/a>\n\t<\/li>\n\n\n       \n    \n\n<li><a href='?page_no=1'>1<\/a><\/li>\n\n\n\n<li><a href='?page_no=2'>2<\/a><\/li>\n\n\n\n<li><a>...<\/a><\/li>\n\n\n\n<li><a href='?page_no=18162'>18162<\/a><\/li>\n\n\n\n<li><a href='?page_no=18163'>18163<\/a><\/li>\n\n\n\n<li class='active'><a>18164<\/a><\/li>\n\n\n\n<li><a href='?page_no=18165'>18165<\/a><\/li>\n\n\n\n<li><a href='?page_no=18166'>18166<\/a><\/li>\n\n\n\n<li><a>...<\/a><\/li>\n\n\n\n<li><a href='?page_no=22911'>22911<\/a><\/li>\n\n\n\n<li><a href='?page_no=22912'>22912<\/a><\/li>\n\n    \n\t\n\n<li >\n\t<a href='?page_no=18165'>Next<\/a>\n\t<\/li>\n\n\n    \n\n<li><a href='?page_no=22912'>Last &rsaquo;&rsaquo;<\/a><\/li>\n\n<\/ul>\n\n\n--><br \/>\n<\/body><\/p>\n","protected":false},"excerpt":{"rendered":"<p>SANTO DOMINGO, 16 Ene 2012.-El Ministerio de Cultura (MINC) puso en circulaci\u00f3n la doceava edici\u00f3n de la revista Pa\u00eds Cultural, durante la celebraci\u00f3n de una ceremonia en la Librer\u00eda de Cultura, en Las Atarazanas, de la Ciudad Colonial. La mesa de honor estuvo integrada por Basilio Belliard, Director de Gesti\u00f3n Literaria y de la revista [&hellip;]<\/p>\n","protected":false},"author":3,"featured_media":0,"comment_status":"open","ping_status":"open","sticky":false,"template":"","format":"standard","meta":{"footnotes":""},"categories":[21],"tags":[],"class_list":["post-66486","post","type-post","status-publish","format-standard","hentry","category-cultura"],"_links":{"self":[{"href":"https:\/\/diariodominicano.com\/index.php?rest_route=\/wp\/v2\/posts\/66486","targetHints":{"allow":["GET"]}}],"collection":[{"href":"https:\/\/diariodominicano.com\/index.php?rest_route=\/wp\/v2\/posts"}],"about":[{"href":"https:\/\/diariodominicano.com\/index.php?rest_route=\/wp\/v2\/types\/post"}],"author":[{"embeddable":true,"href":"https:\/\/diariodominicano.com\/index.php?rest_route=\/wp\/v2\/users\/3"}],"replies":[{"embeddable":true,"href":"https:\/\/diariodominicano.com\/index.php?rest_route=%2Fwp%2Fv2%2Fcomments&post=66486"}],"version-history":[{"count":0,"href":"https:\/\/diariodominicano.com\/index.php?rest_route=\/wp\/v2\/posts\/66486\/revisions"}],"wp:attachment":[{"href":"https:\/\/diariodominicano.com\/index.php?rest_route=%2Fwp%2Fv2%2Fmedia&parent=66486"}],"wp:term":[{"taxonomy":"category","embeddable":true,"href":"https:\/\/diariodominicano.com\/index.php?rest_route=%2Fwp%2Fv2%2Fcategories&post=66486"},{"taxonomy":"post_tag","embeddable":true,"href":"https:\/\/diariodominicano.com\/index.php?rest_route=%2Fwp%2Fv2%2Ftags&post=66486"}],"curies":[{"name":"wp","href":"https:\/\/api.w.org\/{rel}","templated":true}]}}