{"id":664820,"date":"2026-02-11T01:44:10","date_gmt":"2026-02-11T05:44:10","guid":{"rendered":"https:\/\/diariodominicano.com\/?p=664820"},"modified":"2026-02-11T01:45:34","modified_gmt":"2026-02-11T05:45:34","slug":"consejo-ejecutivo-de-la-union-africana-abre-sesiones","status":"publish","type":"post","link":"https:\/\/diariodominicano.com\/?p=664820","title":{"rendered":"Consejo Ejecutivo de la Uni\u00f3n Africana abre sesiones"},"content":{"rendered":"\n<p>Addis Abeba, 11 feb (Prensa Latina) La 48 Sesi\u00f3n Ordinaria del Consejo Ejecutivo de la Uni\u00f3n Africana (UA) comienza hoy aqu\u00ed con la misi\u00f3n de coordinar y adoptar decisiones sobre pol\u00edticas en esferas de inter\u00e9s com\u00fan para los Estados miembros.<\/p>\n\n\n\n<ul class=\"wp-block-list\">\n<li><a href=\"https:\/\/www.prensa-latina.cu\/2026\/02\/11\/\"><time>febrero 11, 2026 | 00:25<\/time><\/a><\/li>\n<\/ul>\n\n\n\n<ul class=\"wp-block-list\">\n<li><a href=\"https:\/\/www.prensa-latina.cu\/2026\/02\/11\/consejo-ejecutivo-de-la-union-africana-abre-sesiones-2\/#\"><\/a><\/li>\n\n\n\n<li><a href=\"https:\/\/www.prensa-latina.cu\/2026\/02\/11\/consejo-ejecutivo-de-la-union-africana-abre-sesiones-2\/#\"><\/a><\/li>\n\n\n\n<li><a href=\"https:\/\/www.prensa-latina.cu\/2026\/02\/11\/consejo-ejecutivo-de-la-union-africana-abre-sesiones-2\/#\"><\/a><\/li>\n\n\n\n<li><a href=\"https:\/\/www.prensa-latina.cu\/2026\/02\/11\/consejo-ejecutivo-de-la-union-africana-abre-sesiones-2\/#\"><\/a><\/li>\n<\/ul>\n\n\n\n<p>Durante dos d\u00edas, ministros de Asuntos Exteriores y funcionarios designados tambi\u00e9n preparar\u00e1n la agenda de temas que ser\u00e1 analizada por la 39 Cumbre de Jefes de Estado y de Gobierno los d\u00edas 14 y 15 de febrero, de conformidad con los objetivos del Programa 2063.<\/p>\n\n\n\n<p>Las palabras de apertura estar\u00e1n a cargo del presidente de la Comisi\u00f3n de la UA, Mahmoud Ali Youssouf, el canciller de Etiop\u00eda, Gedion Timothewos, el secretario ejecutivo de la Comisi\u00f3n Econ\u00f3mica de las Naciones Unidas para \u00c1frica, Claver Gatete, y el presidente del Consejo Ejecutivo y jefe de la diplomacia de Angola, T\u00e9te Ant\u00f3nio.<\/p>\n\n\n\n<p>Los debates ser\u00e1n a puertas cerradas para adoptar la agenda y la organizaci\u00f3n del trabajo, considerar informes clave, revisar la participaci\u00f3n de la organizaci\u00f3n continental en el G20, adem\u00e1s de llevar a cabo elecciones y nombramientos para sus \u00f3rganos e instituciones.<\/p>\n\n\n\n<p>El Consejo Ejecutivo considerar\u00e1 tambi\u00e9n el informe de la 51 Sesi\u00f3n Ordinaria del Comit\u00e9 de Representantes Permanentes, revisar\u00e1 la implementaci\u00f3n de la decisi\u00f3n sobre el proceso de Auditor\u00eda de Competencias y Habilidades, y examinar\u00e1 los proyectos de instrumentos jur\u00eddicos y cuestiones de gobernanza institucional.<\/p>\n\n\n\n<p>oda\/nmr<\/p>\n","protected":false},"excerpt":{"rendered":"<p>Addis Abeba, 11 feb (Prensa Latina) La 48 Sesi\u00f3n Ordinaria del Consejo Ejecutivo de la Uni\u00f3n Africana (UA) comienza hoy aqu\u00ed con la misi\u00f3n de coordinar y adoptar decisiones sobre pol\u00edticas en esferas de inter\u00e9s com\u00fan para los Estados miembros. Durante dos d\u00edas, ministros de Asuntos Exteriores y funcionarios designados tambi\u00e9n preparar\u00e1n la agenda de [&hellip;]<\/p>\n","protected":false},"author":2,"featured_media":0,"comment_status":"closed","ping_status":"closed","sticky":false,"template":"","format":"standard","meta":{"footnotes":""},"categories":[23],"tags":[4479],"class_list":["post-664820","post","type-post","status-publish","format-standard","hentry","category-internacional","tag-union-africana"],"_links":{"self":[{"href":"https:\/\/diariodominicano.com\/index.php?rest_route=\/wp\/v2\/posts\/664820","targetHints":{"allow":["GET"]}}],"collection":[{"href":"https:\/\/diariodominicano.com\/index.php?rest_route=\/wp\/v2\/posts"}],"about":[{"href":"https:\/\/diariodominicano.com\/index.php?rest_route=\/wp\/v2\/types\/post"}],"author":[{"embeddable":true,"href":"https:\/\/diariodominicano.com\/index.php?rest_route=\/wp\/v2\/users\/2"}],"replies":[{"embeddable":true,"href":"https:\/\/diariodominicano.com\/index.php?rest_route=%2Fwp%2Fv2%2Fcomments&post=664820"}],"version-history":[{"count":1,"href":"https:\/\/diariodominicano.com\/index.php?rest_route=\/wp\/v2\/posts\/664820\/revisions"}],"predecessor-version":[{"id":664821,"href":"https:\/\/diariodominicano.com\/index.php?rest_route=\/wp\/v2\/posts\/664820\/revisions\/664821"}],"wp:attachment":[{"href":"https:\/\/diariodominicano.com\/index.php?rest_route=%2Fwp%2Fv2%2Fmedia&parent=664820"}],"wp:term":[{"taxonomy":"category","embeddable":true,"href":"https:\/\/diariodominicano.com\/index.php?rest_route=%2Fwp%2Fv2%2Fcategories&post=664820"},{"taxonomy":"post_tag","embeddable":true,"href":"https:\/\/diariodominicano.com\/index.php?rest_route=%2Fwp%2Fv2%2Ftags&post=664820"}],"curies":[{"name":"wp","href":"https:\/\/api.w.org\/{rel}","templated":true}]}}