{"id":66482,"date":"2012-01-17T17:06:26","date_gmt":"2012-01-17T17:06:26","guid":{"rendered":"http:\/\/diariodominicano.ddns.net\/?p=66482"},"modified":"2012-01-17T17:06:26","modified_gmt":"2012-01-17T17:06:26","slug":"continuan-tres-exposiciones-en-el-mam","status":"publish","type":"post","link":"https:\/\/diariodominicano.com\/?p=66482","title":{"rendered":"&#13;Contin\u00faan tres exposiciones en el MAM"},"content":{"rendered":"<p><body><\/p>\n<p><span class=\"text1noticias\">Rep.Dom, 17 de Enero.- Contin\u00faan abierta al p\u00fablico hasta finales de febrero las exposiciones individuales \u00abEnsimismado\u00bb, de Ra\u00fal Morilla; \u00ab\u00bfQui\u00e9n tiene la raz\u00f3n?\u00bb, de Carlos Hinojosa; y \u00abRetrospectiva\u00bb, de Jos\u00e9 Rinc\u00f3n Mora, en el Museo de Arte Moderno (MAM).<\/span><\/p>\n<\/p>\n<p><span class=\"text1noticias\">\u00bfQui\u00e9n tiene la raz\u00f3n?, de Carlos Hinojosa, es el t\u00edtulo de la exposici\u00f3n y unas de las piezas del conjunto de las  creaciones m\u00e1s recientes del artista de la pl\u00e1stica dominicana, que se exhibe en la primera planta del MAM.<\/span><\/p>\n<\/p>\n<p><span class=\"text1noticias\">Simult\u00e1neamente,  en la Sala de Proyectos ha sido pautado \u00abEnsimismado\u00bb, de Ra\u00fal Morilla, donde el artista presenta una propuesta video-instalaci\u00f3n que evoca el individualismo, el enajenamiento y el ego\u00edsmo en que vive actualmente la humanidad, lo que ha conllevado a que hasta la naturaleza se vea afectada y ejecute su parte tambi\u00e9n.<\/span><\/p>\n<\/p>\n<p><span class=\"text1noticias\">En tanto que, la exposici\u00f3n \u00abRetrospectiva\u00bb, de Jos\u00e9 Rinc\u00f3n Mora, en la  que el artista presenta, con un corte m\u00edstico, m\u00e1s de un centenar de obras que incluyen objetos de arte y  proyectos arquitect\u00f3nicos mostrados en interesantes maquetas que son exhibidos en el segundo nivel del MAM.<\/span><\/p>\n<\/p>\n<p><span class=\"text1noticias\">El Museo de Arte Moderno de la Rep\u00fablica Dominicana, localizado en la Av. Pedro Henr\u00edquez Ure\u00f1a, Plaza de la Cultura Juan Pablo Duarte, de martes a domingo en horario de 9:00a.m, a 5:00 P.M<\/span>.<\/p>\n<h6> 2012-01-17 17:06:26 <\/h6>\n<p><!--\n<link rel=\"stylesheet\" href=\"css\/bootstrap.min.css\">\n\n\n<ul class=\"pagination\">\n\t    \n\t\n\n<li >\n\t<a href='?page_no=18159'>Previous<\/a>\n\t<\/li>\n\n\n       \n    \n\n<li><a href='?page_no=1'>1<\/a><\/li>\n\n\n\n<li><a href='?page_no=2'>2<\/a><\/li>\n\n\n\n<li><a>...<\/a><\/li>\n\n\n\n<li><a href='?page_no=18158'>18158<\/a><\/li>\n\n\n\n<li><a href='?page_no=18159'>18159<\/a><\/li>\n\n\n\n<li class='active'><a>18160<\/a><\/li>\n\n\n\n<li><a href='?page_no=18161'>18161<\/a><\/li>\n\n\n\n<li><a href='?page_no=18162'>18162<\/a><\/li>\n\n\n\n<li><a>...<\/a><\/li>\n\n\n\n<li><a href='?page_no=22911'>22911<\/a><\/li>\n\n\n\n<li><a href='?page_no=22912'>22912<\/a><\/li>\n\n    \n\t\n\n<li >\n\t<a href='?page_no=18161'>Next<\/a>\n\t<\/li>\n\n\n    \n\n<li><a href='?page_no=22912'>Last &rsaquo;&rsaquo;<\/a><\/li>\n\n<\/ul>\n\n\n--><br \/>\n<\/body><\/p>\n","protected":false},"excerpt":{"rendered":"<p>Rep.Dom, 17 de Enero.- Contin\u00faan abierta al p\u00fablico hasta finales de febrero las exposiciones individuales \u00abEnsimismado\u00bb, de Ra\u00fal Morilla; \u00ab\u00bfQui\u00e9n tiene la raz\u00f3n?\u00bb, de Carlos Hinojosa; y \u00abRetrospectiva\u00bb, de Jos\u00e9 Rinc\u00f3n Mora, en el Museo de Arte Moderno (MAM). \u00bfQui\u00e9n tiene la raz\u00f3n?, de Carlos Hinojosa, es el t\u00edtulo de la exposici\u00f3n y unas de [&hellip;]<\/p>\n","protected":false},"author":3,"featured_media":0,"comment_status":"open","ping_status":"open","sticky":false,"template":"","format":"standard","meta":{"footnotes":""},"categories":[21],"tags":[],"class_list":["post-66482","post","type-post","status-publish","format-standard","hentry","category-cultura"],"_links":{"self":[{"href":"https:\/\/diariodominicano.com\/index.php?rest_route=\/wp\/v2\/posts\/66482","targetHints":{"allow":["GET"]}}],"collection":[{"href":"https:\/\/diariodominicano.com\/index.php?rest_route=\/wp\/v2\/posts"}],"about":[{"href":"https:\/\/diariodominicano.com\/index.php?rest_route=\/wp\/v2\/types\/post"}],"author":[{"embeddable":true,"href":"https:\/\/diariodominicano.com\/index.php?rest_route=\/wp\/v2\/users\/3"}],"replies":[{"embeddable":true,"href":"https:\/\/diariodominicano.com\/index.php?rest_route=%2Fwp%2Fv2%2Fcomments&post=66482"}],"version-history":[{"count":0,"href":"https:\/\/diariodominicano.com\/index.php?rest_route=\/wp\/v2\/posts\/66482\/revisions"}],"wp:attachment":[{"href":"https:\/\/diariodominicano.com\/index.php?rest_route=%2Fwp%2Fv2%2Fmedia&parent=66482"}],"wp:term":[{"taxonomy":"category","embeddable":true,"href":"https:\/\/diariodominicano.com\/index.php?rest_route=%2Fwp%2Fv2%2Fcategories&post=66482"},{"taxonomy":"post_tag","embeddable":true,"href":"https:\/\/diariodominicano.com\/index.php?rest_route=%2Fwp%2Fv2%2Ftags&post=66482"}],"curies":[{"name":"wp","href":"https:\/\/api.w.org\/{rel}","templated":true}]}}