{"id":66481,"date":"2012-01-17T17:17:53","date_gmt":"2012-01-17T17:17:53","guid":{"rendered":"http:\/\/diariodominicano.ddns.net\/?p=66481"},"modified":"2012-01-17T17:17:53","modified_gmt":"2012-01-17T17:17:53","slug":"inauguran-exposicion-sobre-cultura-japonesa-en-museo-del-hombre-dominicano","status":"publish","type":"post","link":"https:\/\/diariodominicano.com\/?p=66481","title":{"rendered":"&#13;Inauguran exposici\u00f3n sobre cultura japonesa en Museo del Hombre Dominicano"},"content":{"rendered":"<p><body><\/p>\n<p><img decoding=\"async\" src=\"img3\/Munheca Japonesa .JPG\" \/><br \/><img decoding=\"async\" src=\"img3\/Munheca Japonesa 1.JPG\" \/><br \/><img decoding=\"async\" src=\"img3\/Munheca Japonesa 2.JPG\" \/>  <\/p>\n<p><span class=\"text1noticias\">Se trata de la tradicional muestra de calendarios del Jap\u00f3n, que este a\u00f1o suma a su exhibici\u00f3n una colecci\u00f3n de mu\u00f1ecas tradicionales. <\/span><\/p>\n<\/p>\n<p><span class=\"text1noticias\">Santo Domingo, 17 enero 2012.-  El Ministerio de Cultura y la Embajada de Jap\u00f3n inauguraron la exposici\u00f3n \u00abMu\u00f1ecas y Calendarios del Jap\u00f3n\u00bb, en el Museo del Hombre Dominicano.<\/span><\/p>\n<\/p>\n<p><span class=\"text1noticias\">La exhibici\u00f3n, que recoge 73 mu\u00f1ecas tradicionales japonesas conocidas como \u00abNingyo\u00bb y 150 calendarios donados por la Asociaci\u00f3n Nacional de Publicadores de Calendarios del Jap\u00f3n, estar\u00e1 abierta hasta el pr\u00f3ximo 2 de febrero.<\/span><\/p>\n<\/p>\n<p><span class=\"text1noticias\">El acto de apertura estuvo encabezado por el Embajador de Jap\u00f3n, Soichi Sato, y el Director del Museo del Hombre Dominicano, arquitecto Christian Mart\u00ednez Villanueva, acompa\u00f1ados por un nutrido grupo de personalidades.<\/span><\/p>\n<\/p>\n<p><span class=\"text1noticias\">Soichi Sato explic\u00f3 el significado de la tradicional mu\u00f1eca, tra\u00edda desde la Regi\u00f3n Norte del pa\u00eds asi\u00e1tico, donde ocurri\u00f3 el terremoto y maremoto en marzo 2011. El diplom\u00e1tico  dijo que \u00aben tiempos antiguos los agricultores acostumbraban descansar en los ba\u00f1os termales y en esos viajes compraban estas mu\u00f1ecas como suvenir, desde entonces eran s\u00edmbolos de la gente que deseaban la recuperaci\u00f3n del cuerpo y el alma\u00bb.<\/span><\/p>\n<\/p>\n<p><span class=\"text1noticias\">Ningyo significa \u00abfigura humana\u00bb y posee diversos estilos que abarcan desde guerreros, h\u00e9roes y dioses, creados en diferentes materiales (arcilla, madera, tela, porcelana y papel); \u00abcobrando vida, a trav\u00e9s de sus t\u00e9cnicas de expresi\u00f3n y un despliegue de color\u00bb, resalt\u00f3 Sato.<\/span><\/p>\n<p><span class=\"text1noticias\">   <\/span><\/p>\n<p><span class=\"text1noticias\">Los calendarios, que muestran la gran diversidad de la cultura japonesa a trav\u00e9s de hermosas fotograf\u00edas de paisajes, jardines t\u00edpicos y la vida cotidiana, ser\u00e1n obsequiados a todos los interesados, posterior a la clausura de la exposici\u00f3n, afirm\u00f3 el Embajador de Jap\u00f3n.<\/span><\/p>\n<\/p>\n<p><span class=\"text1noticias\">Asimismo, Christian Mart\u00ednez dijo que \u00abla exposici\u00f3n de calendarios del Jap\u00f3n, que se muestra todos los inicios de a\u00f1os en el Museo del Hombre, se complementa en el 2012 con la interesante exhibici\u00f3n de mu\u00f1ecas de la tradici\u00f3n milenaria del hermoso pa\u00eds del Sol Naciente\u00bb. <\/span><\/p>\n<\/p>\n<p><span class=\"text1noticias\">El Ministerio de Cultura ha realizado m\u00faltiples intercambios culturales con varios pa\u00edses de Asia como Corea del Sur, India, Jap\u00f3n y China-Taiw\u00e1n, permitiendo que agrupaciones art\u00edsticas, provenientes de estas comunidades, visiten los escenarios locales y que artistas dominicanos puedan presentarse  en dichos pa\u00edses<\/span>. <\/p>\n<\/p>\n<\/p>\n<\/p>\n<p>Pie de Foto:<\/p>\n<p>DSC_0708<\/p>\n<\/p>\n<p>DSC_0665<\/p>\n<\/p>\n<p>DSC_0690<\/p>\n<\/p>\n<p>DSC_0713<\/p>\n<p>Informaci\u00f3n ofrecida por la<\/p>\n<p>Direcci\u00f3n General de Comunicaci\u00f3n y Audiovisuales<\/p>\n<p>Ministerio de Cultura<\/p>\n<p>Contacto: Yaniry Mej\u00eda<\/p>\n<p>809 221-4141 Ext. 236 \/ 222<\/p>\n<h6> 2012-01-17 17:17:53 <\/h6>\n<p><!--\n<link rel=\"stylesheet\" href=\"css\/bootstrap.min.css\">\n\n\n<ul class=\"pagination\">\n\t    \n\t\n\n<li >\n\t<a href='?page_no=18158'>Previous<\/a>\n\t<\/li>\n\n\n       \n    \n\n<li><a href='?page_no=1'>1<\/a><\/li>\n\n\n\n<li><a href='?page_no=2'>2<\/a><\/li>\n\n\n\n<li><a>...<\/a><\/li>\n\n\n\n<li><a href='?page_no=18157'>18157<\/a><\/li>\n\n\n\n<li><a href='?page_no=18158'>18158<\/a><\/li>\n\n\n\n<li class='active'><a>18159<\/a><\/li>\n\n\n\n<li><a href='?page_no=18160'>18160<\/a><\/li>\n\n\n\n<li><a href='?page_no=18161'>18161<\/a><\/li>\n\n\n\n<li><a>...<\/a><\/li>\n\n\n\n<li><a href='?page_no=22911'>22911<\/a><\/li>\n\n\n\n<li><a href='?page_no=22912'>22912<\/a><\/li>\n\n    \n\t\n\n<li >\n\t<a href='?page_no=18160'>Next<\/a>\n\t<\/li>\n\n\n    \n\n<li><a href='?page_no=22912'>Last &rsaquo;&rsaquo;<\/a><\/li>\n\n<\/ul>\n\n\n--><br \/>\n<\/body><\/p>\n","protected":false},"excerpt":{"rendered":"<p>Se trata de la tradicional muestra de calendarios del Jap\u00f3n, que este a\u00f1o suma a su exhibici\u00f3n una colecci\u00f3n de mu\u00f1ecas tradicionales. Santo Domingo, 17 enero 2012.- El Ministerio de Cultura y la Embajada de Jap\u00f3n inauguraron la exposici\u00f3n \u00abMu\u00f1ecas y Calendarios del Jap\u00f3n\u00bb, en el Museo del Hombre Dominicano. La exhibici\u00f3n, que recoge 73 [&hellip;]<\/p>\n","protected":false},"author":3,"featured_media":0,"comment_status":"open","ping_status":"open","sticky":false,"template":"","format":"standard","meta":{"footnotes":""},"categories":[21],"tags":[],"class_list":["post-66481","post","type-post","status-publish","format-standard","hentry","category-cultura"],"_links":{"self":[{"href":"https:\/\/diariodominicano.com\/index.php?rest_route=\/wp\/v2\/posts\/66481","targetHints":{"allow":["GET"]}}],"collection":[{"href":"https:\/\/diariodominicano.com\/index.php?rest_route=\/wp\/v2\/posts"}],"about":[{"href":"https:\/\/diariodominicano.com\/index.php?rest_route=\/wp\/v2\/types\/post"}],"author":[{"embeddable":true,"href":"https:\/\/diariodominicano.com\/index.php?rest_route=\/wp\/v2\/users\/3"}],"replies":[{"embeddable":true,"href":"https:\/\/diariodominicano.com\/index.php?rest_route=%2Fwp%2Fv2%2Fcomments&post=66481"}],"version-history":[{"count":0,"href":"https:\/\/diariodominicano.com\/index.php?rest_route=\/wp\/v2\/posts\/66481\/revisions"}],"wp:attachment":[{"href":"https:\/\/diariodominicano.com\/index.php?rest_route=%2Fwp%2Fv2%2Fmedia&parent=66481"}],"wp:term":[{"taxonomy":"category","embeddable":true,"href":"https:\/\/diariodominicano.com\/index.php?rest_route=%2Fwp%2Fv2%2Fcategories&post=66481"},{"taxonomy":"post_tag","embeddable":true,"href":"https:\/\/diariodominicano.com\/index.php?rest_route=%2Fwp%2Fv2%2Ftags&post=66481"}],"curies":[{"name":"wp","href":"https:\/\/api.w.org\/{rel}","templated":true}]}}