{"id":66480,"date":"2012-01-17T17:52:26","date_gmt":"2012-01-17T17:52:26","guid":{"rendered":"http:\/\/diariodominicano.ddns.net\/?p=66480"},"modified":"2012-01-17T17:52:26","modified_gmt":"2012-01-17T17:52:26","slug":"convocan-a-xxiii-festival-internacional-de-ballet-de-la-habana","status":"publish","type":"post","link":"https:\/\/diariodominicano.com\/?p=66480","title":{"rendered":"Convocan a XXIII Festival Internacional de Ballet de La Habana"},"content":{"rendered":"<p><body><\/p>\n<p><span class=\"text1noticias\">LA HABANA, 17 ene (Xinhua).- El XXIII Festival Internacional de Ballet de La Habana, uno de los m\u00e1s importantes de su especialidad a nivel mundial, se efectuar\u00e1 del 28 de octubre al 6 de noviembre venideros, informaron hoy sus organizadores. <\/span><\/p>\n<p><span class=\"text1noticias\">   Esta cita bienal, con m\u00e1s de 50 a\u00f1os de historia, tendr\u00e1 como sedes principales el Gran Teatro de La Habana y otras tres salas importantes de la capital cubana. <\/span><\/p>\n<p><span class=\"text1noticias\">   La directora del Ballet Nacional de Cuba (BNC), la ex bailarina y core\u00f3grafa Alicia Alonso, preside el comit\u00e9 organizador de la habitual fiesta de la danza, dedicada en esta ocasi\u00f3n a la tradici\u00f3n y los nuevos caminos. <\/span><\/p>\n<p><span class=\"text1noticias\">   El festival incluir\u00e1 en su programaci\u00f3n cl\u00e1sicos como \u00abEl lago de los cisnes\u00bb, \u00abCoppelia\u00bb, \u00abLa bella durmiente del bosque\u00bb, \u00abGiselle\u00bb y obras emblem\u00e1ticas del repertorio del BNC, como \u00abShakespeare y sus m\u00e1scaras\u00bb, peculiar versi\u00f3n de \u00abRomeo y Julieta\u00bb, con m\u00fasica del franc\u00e9s Charles Gounod. <\/span><\/p>\n<p><span class=\"text1noticias\">   Tambi\u00e9n se estrenar\u00e1n piezas creadas para la ocasi\u00f3n y se dar\u00e1 a conocer la obra ganadora del VIII Certamen Iberoamericano de Coreograf\u00eda Alicia Alonso. <\/span><\/p>\n<p><span class=\"text1noticias\">   Fundado en 1960 por la prima ballerina assoluta, el Festival de Ballet de La Habana es uno de los m\u00e1s antiguos del mundo de la danza. <\/span><\/p>\n<p><span class=\"text1noticias\">   Desde su creaci\u00f3n, la cita de car\u00e1cter no competitivo ha contado con la participaci\u00f3n de m\u00e1s de 60 compa\u00f1\u00edas y personalidades de un n\u00famero similar de pa\u00edses, con unas 910 obras, de ellas 231 de estrenos mundiales. <\/span><\/p>\n<p><span class=\"text1noticias\">   A su edici\u00f3n anterior, en 2010, asistieron grupos y bailarines de 18 naciones, incluidos el Teatro Americano de Ballet (American Ballet Theatre) y el Ballet de Nueva York, ambos de Estados Unidos; el Teatro \u00abTeresa Carre\u00f1o\u00bb (Venezuela), la Opera de Dresde, Berl\u00edn y Munich (Alemania), el Scala de Mil\u00e1n (Italia), el Royal y el English Ballet, del Reino Unido<\/span>.<\/p>\n<h6> 2012-01-17 17:52:26 <\/h6>\n<p><!--\n<link rel=\"stylesheet\" href=\"css\/bootstrap.min.css\">\n\n\n<ul class=\"pagination\">\n\t    \n\t\n\n<li >\n\t<a href='?page_no=18157'>Previous<\/a>\n\t<\/li>\n\n\n       \n    \n\n<li><a href='?page_no=1'>1<\/a><\/li>\n\n\n\n<li><a href='?page_no=2'>2<\/a><\/li>\n\n\n\n<li><a>...<\/a><\/li>\n\n\n\n<li><a href='?page_no=18156'>18156<\/a><\/li>\n\n\n\n<li><a href='?page_no=18157'>18157<\/a><\/li>\n\n\n\n<li class='active'><a>18158<\/a><\/li>\n\n\n\n<li><a href='?page_no=18159'>18159<\/a><\/li>\n\n\n\n<li><a href='?page_no=18160'>18160<\/a><\/li>\n\n\n\n<li><a>...<\/a><\/li>\n\n\n\n<li><a href='?page_no=22911'>22911<\/a><\/li>\n\n\n\n<li><a href='?page_no=22912'>22912<\/a><\/li>\n\n    \n\t\n\n<li >\n\t<a href='?page_no=18159'>Next<\/a>\n\t<\/li>\n\n\n    \n\n<li><a href='?page_no=22912'>Last &rsaquo;&rsaquo;<\/a><\/li>\n\n<\/ul>\n\n\n--><br \/>\n<\/body><\/p>\n","protected":false},"excerpt":{"rendered":"<p>LA HABANA, 17 ene (Xinhua).- El XXIII Festival Internacional de Ballet de La Habana, uno de los m\u00e1s importantes de su especialidad a nivel mundial, se efectuar\u00e1 del 28 de octubre al 6 de noviembre venideros, informaron hoy sus organizadores. Esta cita bienal, con m\u00e1s de 50 a\u00f1os de historia, tendr\u00e1 como sedes principales el [&hellip;]<\/p>\n","protected":false},"author":3,"featured_media":0,"comment_status":"open","ping_status":"open","sticky":false,"template":"","format":"standard","meta":{"footnotes":""},"categories":[21],"tags":[],"class_list":["post-66480","post","type-post","status-publish","format-standard","hentry","category-cultura"],"_links":{"self":[{"href":"https:\/\/diariodominicano.com\/index.php?rest_route=\/wp\/v2\/posts\/66480","targetHints":{"allow":["GET"]}}],"collection":[{"href":"https:\/\/diariodominicano.com\/index.php?rest_route=\/wp\/v2\/posts"}],"about":[{"href":"https:\/\/diariodominicano.com\/index.php?rest_route=\/wp\/v2\/types\/post"}],"author":[{"embeddable":true,"href":"https:\/\/diariodominicano.com\/index.php?rest_route=\/wp\/v2\/users\/3"}],"replies":[{"embeddable":true,"href":"https:\/\/diariodominicano.com\/index.php?rest_route=%2Fwp%2Fv2%2Fcomments&post=66480"}],"version-history":[{"count":0,"href":"https:\/\/diariodominicano.com\/index.php?rest_route=\/wp\/v2\/posts\/66480\/revisions"}],"wp:attachment":[{"href":"https:\/\/diariodominicano.com\/index.php?rest_route=%2Fwp%2Fv2%2Fmedia&parent=66480"}],"wp:term":[{"taxonomy":"category","embeddable":true,"href":"https:\/\/diariodominicano.com\/index.php?rest_route=%2Fwp%2Fv2%2Fcategories&post=66480"},{"taxonomy":"post_tag","embeddable":true,"href":"https:\/\/diariodominicano.com\/index.php?rest_route=%2Fwp%2Fv2%2Ftags&post=66480"}],"curies":[{"name":"wp","href":"https:\/\/api.w.org\/{rel}","templated":true}]}}