{"id":66479,"date":"2012-01-17T20:46:50","date_gmt":"2012-01-17T20:46:50","guid":{"rendered":"http:\/\/diariodominicano.ddns.net\/?p=66479"},"modified":"2012-01-17T20:46:50","modified_gmt":"2012-01-17T20:46:50","slug":"galeano-inicia-trabajo-de-jurados-del-premio-casa-de-las-americas","status":"publish","type":"post","link":"https:\/\/diariodominicano.com\/?p=66479","title":{"rendered":"Galeano inicia trabajo de jurados del Premio Casa de las Am\u00e9ricas"},"content":{"rendered":"<p><body><\/p>\n<p><span class=\"text1noticias\">La Habana, Cuba, 17 enero.- El escritor uruguayo Eduardo Galeano inaugur\u00f3 el lunes el trabajo de los jurados del Premio Casa de las Am\u00e9ricas, uno de los galardones m\u00e1s respetados en el continente.<\/span><\/p>\n<\/p>\n<p><span class=\"text1noticias\">Galeano hizo un encendida defensa de la cubana Casa de las Am\u00e9ricas, instituci\u00f3n cultural que este a\u00f1o abri\u00f3 la 53a edici\u00f3n del premio literario por categor\u00edas.<\/span><\/p>\n<\/p>\n<p><span class=\"text1noticias\">\u00abFe de erratas. Donde dice: 12 de octubre de 1492, debe decir: 28 de abril de 1959. En ese d\u00eda de abril fue fundada, en Cuba, la Casa que m\u00e1s nos ha ayudado a descubrir Am\u00e9rica y las muchas Am\u00e9ricas que Am\u00e9rica contiene\u00bb, dijo Galeano al dar las gracias por la invitaci\u00f3n.<\/span><\/p>\n<\/p>\n<p><span class=\"text1noticias\">Este a\u00f1o las categor\u00edas en concurso ser\u00e1n Literatura para J\u00f3venes, Teatro, Obras Caribe\u00f1as o en Creole, Literatura Brasile\u00f1a y Estudios sobre Latinos en Estados Unidos.<\/span><\/p>\n<\/p>\n<p><span class=\"text1noticias\">Adem\u00e1s de manera extraordinaria se entregar\u00e1 un lauro a una obra ensay\u00edstica sobre la presencia negra en Am\u00e9rica Latina y el Caribe.<\/span><\/p>\n<\/p>\n<p><span class=\"text1noticias\">Creada inmediatamente tras el triunfo de la revoluci\u00f3n cubana, la sede cultural fue la instituci\u00f3n desde donde se dieron a conocer muchos de los escritores y artistas m\u00e1s importantes del continente como el propio Galeano, Gabriel Garc\u00eda M\u00e1rquez, Mario Benedetti, Ernesto Cardenal, Ricardo Piglia o Pedro Lemebel. Tambi\u00e9n dio impulsa a algunos que luego se alejaron de la isla o tomaron distancia con su proceso pol\u00edtico como Carlos Fuentes y Mario Vargas Llosa.<\/span><\/p>\n<\/p>\n<p><span class=\"text1noticias\">Otros como Julio Cort\u00e1zar o Alejo Carpentier, que ya eran consagrados cuando se fund\u00f3 la Casa, la apoyaron hasta sus respectivos decesos.<\/span><\/p>\n<\/p>\n<p><span class=\"text1noticias\">\u00abLa Casa &#8230; lleva m\u00e1s de medio siglo ayud\u00e1ndonos a vernos con nuestros propios ojos, desde abajo y desde adentro, y no con las miradas que desde arriba y desde afuera nos han humillado siempre\u00bb, expres\u00f3 Galeano en sus palabras de bienvenida a los creadores que decidir\u00e1n a los ganadores.<\/span><\/p>\n<\/p>\n<p><span class=\"text1noticias\">Entre los jurados que se dar\u00e1n cita en la isla destacan Regina Crespo de Brasil, para la categor\u00eda de literatura de ese pa\u00eds; Orlando Senna (Brasil) y Jorgelina Cerritos (El Salvador) para teatro; el italo-espa\u00f1ol Carlos Frabetti para literatura infantil y juvenil; Arnold Antonin (Hait\u00ed) para literatura del caribe y creole, y Juan Flores (Puerto Rico) para latinos en Estados Unidos.<\/span><\/p>\n<\/p>\n<p><span class=\"text1noticias\">El acad\u00e9mico cubano Esteban Morales se har\u00e1 cargo de la categor\u00eda de ensayos sobre la presencia negra en el continente.<\/span><\/p>\n<\/p>\n<p><span class=\"text1noticias\">Los organizadores indicaron de manera preliminar que hab\u00eda en competencia m\u00e1s de 350 obras, especialmente en los apartados de teatro y literatura infantil y juvenil.<\/span><\/p>\n<\/p>\n<p><span class=\"text1noticias\">Los jurados entregar\u00e1n su veredicto el 26 de enero. Entre tanto, se desarrollar\u00e1 un programa paralelo de mesas redondas, paneles de debates, conciertos y muestras<\/span>.<\/p>\n<\/p>\n<\/p>\n<\/p>\n<\/p>\n<\/p>\n<\/p>\n<\/p>\n<h6> 2012-01-17 20:46:50 <\/h6>\n<p><!--\n<link rel=\"stylesheet\" href=\"css\/bootstrap.min.css\">\n\n\n<ul class=\"pagination\">\n\t    \n\t\n\n<li >\n\t<a href='?page_no=18156'>Previous<\/a>\n\t<\/li>\n\n\n       \n    \n\n<li><a href='?page_no=1'>1<\/a><\/li>\n\n\n\n<li><a href='?page_no=2'>2<\/a><\/li>\n\n\n\n<li><a>...<\/a><\/li>\n\n\n\n<li><a href='?page_no=18155'>18155<\/a><\/li>\n\n\n\n<li><a href='?page_no=18156'>18156<\/a><\/li>\n\n\n\n<li class='active'><a>18157<\/a><\/li>\n\n\n\n<li><a href='?page_no=18158'>18158<\/a><\/li>\n\n\n\n<li><a href='?page_no=18159'>18159<\/a><\/li>\n\n\n\n<li><a>...<\/a><\/li>\n\n\n\n<li><a href='?page_no=22911'>22911<\/a><\/li>\n\n\n\n<li><a href='?page_no=22912'>22912<\/a><\/li>\n\n    \n\t\n\n<li >\n\t<a href='?page_no=18158'>Next<\/a>\n\t<\/li>\n\n\n    \n\n<li><a href='?page_no=22912'>Last &rsaquo;&rsaquo;<\/a><\/li>\n\n<\/ul>\n\n\n--><br \/>\n<\/body><\/p>\n","protected":false},"excerpt":{"rendered":"<p>La Habana, Cuba, 17 enero.- El escritor uruguayo Eduardo Galeano inaugur\u00f3 el lunes el trabajo de los jurados del Premio Casa de las Am\u00e9ricas, uno de los galardones m\u00e1s respetados en el continente. Galeano hizo un encendida defensa de la cubana Casa de las Am\u00e9ricas, instituci\u00f3n cultural que este a\u00f1o abri\u00f3 la 53a edici\u00f3n del [&hellip;]<\/p>\n","protected":false},"author":3,"featured_media":0,"comment_status":"open","ping_status":"open","sticky":false,"template":"","format":"standard","meta":{"footnotes":""},"categories":[21],"tags":[],"class_list":["post-66479","post","type-post","status-publish","format-standard","hentry","category-cultura"],"_links":{"self":[{"href":"https:\/\/diariodominicano.com\/index.php?rest_route=\/wp\/v2\/posts\/66479","targetHints":{"allow":["GET"]}}],"collection":[{"href":"https:\/\/diariodominicano.com\/index.php?rest_route=\/wp\/v2\/posts"}],"about":[{"href":"https:\/\/diariodominicano.com\/index.php?rest_route=\/wp\/v2\/types\/post"}],"author":[{"embeddable":true,"href":"https:\/\/diariodominicano.com\/index.php?rest_route=\/wp\/v2\/users\/3"}],"replies":[{"embeddable":true,"href":"https:\/\/diariodominicano.com\/index.php?rest_route=%2Fwp%2Fv2%2Fcomments&post=66479"}],"version-history":[{"count":0,"href":"https:\/\/diariodominicano.com\/index.php?rest_route=\/wp\/v2\/posts\/66479\/revisions"}],"wp:attachment":[{"href":"https:\/\/diariodominicano.com\/index.php?rest_route=%2Fwp%2Fv2%2Fmedia&parent=66479"}],"wp:term":[{"taxonomy":"category","embeddable":true,"href":"https:\/\/diariodominicano.com\/index.php?rest_route=%2Fwp%2Fv2%2Fcategories&post=66479"},{"taxonomy":"post_tag","embeddable":true,"href":"https:\/\/diariodominicano.com\/index.php?rest_route=%2Fwp%2Fv2%2Ftags&post=66479"}],"curies":[{"name":"wp","href":"https:\/\/api.w.org\/{rel}","templated":true}]}}