{"id":664787,"date":"2026-02-11T00:59:18","date_gmt":"2026-02-11T04:59:18","guid":{"rendered":"https:\/\/diariodominicano.com\/?p=664787"},"modified":"2026-02-11T00:59:23","modified_gmt":"2026-02-11T04:59:23","slug":"embajador-defiende-en-francia-derecho-de-cuba-a-existir","status":"publish","type":"post","link":"https:\/\/diariodominicano.com\/?p=664787","title":{"rendered":"Embajador defiende en Francia derecho de Cuba a existir"},"content":{"rendered":"\n<p>Par\u00eds, 10 feb (Prensa Latina) El embajador de Cuba en Francia, Otto Vaillant, defendi\u00f3 hoy el derecho de su pa\u00eds a existir de manera independiente y soberana y denunci\u00f3 la escalada en la agresividad estadounidense.<\/p>\n\n\n\n<ul class=\"wp-block-list\">\n<li><a href=\"https:\/\/www.prensa-latina.cu\/2026\/02\/10\/\"><time>febrero 10, 2026 | 14:34<\/time><\/a><\/li>\n<\/ul>\n\n\n\n<ul class=\"wp-block-list\">\n<li><a href=\"https:\/\/www.prensa-latina.cu\/2026\/02\/10\/embajador-defiende-en-francia-derecho-de-cuba-a-existir\/#\"><\/a><\/li>\n\n\n\n<li><a href=\"https:\/\/www.prensa-latina.cu\/2026\/02\/10\/embajador-defiende-en-francia-derecho-de-cuba-a-existir\/#\"><\/a><\/li>\n\n\n\n<li><a href=\"https:\/\/www.prensa-latina.cu\/2026\/02\/10\/embajador-defiende-en-francia-derecho-de-cuba-a-existir\/#\"><\/a><\/li>\n\n\n\n<li><a href=\"https:\/\/www.prensa-latina.cu\/2026\/02\/10\/embajador-defiende-en-francia-derecho-de-cuba-a-existir\/#\"><\/a><\/li>\n<\/ul>\n\n\n\n<p>En una entrevista concedida al canal France 24, el diplom\u00e1tico conden\u00f3 las medidas anunciadas el 29 de enero contra la naci\u00f3n antillana por la Administraci\u00f3n del presidente Donald Trump, quien declar\u00f3 a Cuba una amenaza \u201cinusual y extraordinaria\u201d para la seguridad nacional de Estados Unidos y advirti\u00f3 con la imposici\u00f3n de aranceles a los pa\u00edses que le suministren o vendan petr\u00f3leo.<\/p>\n\n\n\n<figure class=\"wp-block-image\"><img decoding=\"async\" src=\"https:\/\/www.prensa-latina.cu\/wp-content\/uploads\/2026\/02\/Embajador-de-Cuba-en-Francia-en-entrevista.jpg\" alt=\"\" class=\"wp-image-1705921\"\/><\/figure>\n\n\n\n<p>Vaillant se\u00f1al\u00f3 que la nueva cruzada de la Casa Blanca se basa en mentiras y representa una violaci\u00f3n del Derecho Internacional.<\/p>\n\n\n\n<p>C\u00f3mo creer que un peque\u00f1o pa\u00eds puede ser una amenaza para una potencia, subray\u00f3.<\/p>\n\n\n\n<p>De acuerdo con el embajador, los intentos de Washington de asfixiar a los cubanos no son nuevos y datan de m\u00e1s de seis d\u00e9cadas, durante las que ha buscado derrocar a la Revoluci\u00f3n y poner a su pueblo de rodillas y rendirlo por hambre.<\/p>\n\n\n\n<p>Sin embargo, alert\u00f3 en France 24 sobre un recrudecimiento sin precedentes en la guerra econ\u00f3mica contra Cuba desde el regreso de Trump a la Presidencia estadounidense, en enero del a\u00f1o pasado.<\/p>\n\n\n\n<p>El diplom\u00e1tico insisti\u00f3 en el derecho de los cubanos a decidir su gobierno, su sociedad y su manera de organizarse, sin presiones externas y sin las acciones de asfixia que enfrentan.<\/p>\n\n\n\n<p>Asimismo, denunci\u00f3 que Trump amenaza al mundo entero, el cual deber\u00eda reaccionar ante el irrespeto al Derecho Internacional.<\/p>\n\n\n\n<p>Vaillant reiter\u00f3 la voluntad del gobierno de Cuba de dialogar con el estadounidense, al que acus\u00f3 de solo dar muestras de imponer sus dict\u00e1menes.<\/p>\n\n\n\n<p>En sus declaraciones, agradeci\u00f3 la solidaridad en Francia con un pueblo pac\u00edfico, que no merece el sufrimiento que le imponen.<\/p>\n\n\n\n<p>arc\/wmr<\/p>\n\n\n\n<ul class=\"wp-block-list\">\n<li>#<a href=\"https:\/\/www.prensa-latina.cu\/etiqueta\/bloqueo\/\">bloqueo<\/a>\u00a0#<a href=\"https:\/\/www.prensa-latina.cu\/etiqueta\/cuba\/\">cuba<\/a>\u00a0#<a href=\"https:\/\/www.prensa-latina.cu\/etiqueta\/francia\/\">Francia<\/a>\u00a0#<a href=\"https:\/\/www.prensa-latina.cu\/etiqueta\/trump\/\">trump<\/a><\/li>\n<\/ul>\n","protected":false},"excerpt":{"rendered":"<p>Par\u00eds, 10 feb (Prensa Latina) El embajador de Cuba en Francia, Otto Vaillant, defendi\u00f3 hoy el derecho de su pa\u00eds a existir de manera independiente y soberana y denunci\u00f3 la escalada en la agresividad estadounidense. En una entrevista concedida al canal France 24, el diplom\u00e1tico conden\u00f3 las medidas anunciadas el 29 de enero contra la [&hellip;]<\/p>\n","protected":false},"author":28,"featured_media":664788,"comment_status":"open","ping_status":"closed","sticky":false,"template":"","format":"standard","meta":{"footnotes":""},"categories":[23],"tags":[3100],"class_list":["post-664787","post","type-post","status-publish","format-standard","has-post-thumbnail","hentry","category-internacional","tag-cuba"],"_links":{"self":[{"href":"https:\/\/diariodominicano.com\/index.php?rest_route=\/wp\/v2\/posts\/664787","targetHints":{"allow":["GET"]}}],"collection":[{"href":"https:\/\/diariodominicano.com\/index.php?rest_route=\/wp\/v2\/posts"}],"about":[{"href":"https:\/\/diariodominicano.com\/index.php?rest_route=\/wp\/v2\/types\/post"}],"author":[{"embeddable":true,"href":"https:\/\/diariodominicano.com\/index.php?rest_route=\/wp\/v2\/users\/28"}],"replies":[{"embeddable":true,"href":"https:\/\/diariodominicano.com\/index.php?rest_route=%2Fwp%2Fv2%2Fcomments&post=664787"}],"version-history":[{"count":1,"href":"https:\/\/diariodominicano.com\/index.php?rest_route=\/wp\/v2\/posts\/664787\/revisions"}],"predecessor-version":[{"id":664789,"href":"https:\/\/diariodominicano.com\/index.php?rest_route=\/wp\/v2\/posts\/664787\/revisions\/664789"}],"wp:featuredmedia":[{"embeddable":true,"href":"https:\/\/diariodominicano.com\/index.php?rest_route=\/wp\/v2\/media\/664788"}],"wp:attachment":[{"href":"https:\/\/diariodominicano.com\/index.php?rest_route=%2Fwp%2Fv2%2Fmedia&parent=664787"}],"wp:term":[{"taxonomy":"category","embeddable":true,"href":"https:\/\/diariodominicano.com\/index.php?rest_route=%2Fwp%2Fv2%2Fcategories&post=664787"},{"taxonomy":"post_tag","embeddable":true,"href":"https:\/\/diariodominicano.com\/index.php?rest_route=%2Fwp%2Fv2%2Ftags&post=664787"}],"curies":[{"name":"wp","href":"https:\/\/api.w.org\/{rel}","templated":true}]}}