{"id":664784,"date":"2026-02-11T00:55:39","date_gmt":"2026-02-11T04:55:39","guid":{"rendered":"https:\/\/diariodominicano.com\/?p=664784"},"modified":"2026-02-11T00:55:44","modified_gmt":"2026-02-11T04:55:44","slug":"puerto-rico-barcaza-sera-removida-cuando-mejoren-condiciones-marinas","status":"publish","type":"post","link":"https:\/\/diariodominicano.com\/?p=664784","title":{"rendered":"Puerto Rico: barcaza ser\u00e1 removida cuando mejoren condiciones marinas"},"content":{"rendered":"\n<p>San Juan, 10 feb (Prensa Latina) La gobernadora de Puerto Rico, Jenniffer Gonz\u00e1lez, estableci\u00f3 hoy que corresponder\u00e1 a la Guardia Costera determinar cu\u00e1ndo se har\u00e1 la remoci\u00f3n de la embarcaci\u00f3n encallada en la v\u00edspera en la bah\u00eda de San Juan.<\/p>\n\n\n\n<ul class=\"wp-block-list\">\n<li><a href=\"https:\/\/www.prensa-latina.cu\/2026\/02\/10\/\"><time>febrero 10, 2026 | 21:54<\/time><\/a><\/li>\n<\/ul>\n\n\n\n<ul class=\"wp-block-list\">\n<li><a href=\"https:\/\/www.prensa-latina.cu\/2026\/02\/10\/puerto-rico-barcaza-sera-removida-cuando-mejoren-condiciones-marinas\/#\"><\/a><\/li>\n\n\n\n<li><a href=\"https:\/\/www.prensa-latina.cu\/2026\/02\/10\/puerto-rico-barcaza-sera-removida-cuando-mejoren-condiciones-marinas\/#\"><\/a><\/li>\n\n\n\n<li><a href=\"https:\/\/www.prensa-latina.cu\/2026\/02\/10\/puerto-rico-barcaza-sera-removida-cuando-mejoren-condiciones-marinas\/#\"><\/a><\/li>\n\n\n\n<li><a href=\"https:\/\/www.prensa-latina.cu\/2026\/02\/10\/puerto-rico-barcaza-sera-removida-cuando-mejoren-condiciones-marinas\/#\"><\/a><\/li>\n<\/ul>\n\n\n\n<p>\u201cNo ha habido derrame, ya que todo ven\u00eda vac\u00edo y esta embarcaci\u00f3n es de doble casco\u201d, manifest\u00f3 la mandataria, pues en el transcurso del este martes hay oleajes de 10 y 12 pies, que han obstaculizado la labor de remoci\u00f3n.<\/p>\n\n\n\n<p>Se estimando que las condiciones del tiempo deber\u00edan mejorar para ma\u00f1ana mi\u00e9rcoles o el jueves, realizar la labor frente al Castillo San Felipe del Morro, lo que ha levantado nuevamente preocupaci\u00f3n en las comunidades y organizaciones ecologistas.<\/p>\n\n\n\n<p>El abogado Pedro Saade explic\u00f3 que de haber estado la nave cargada de gas natural hubiese constituido una amenaza para los residentes del Viejo San Juan y de las comunidades de Cata\u00f1o y Guaynabo al otro lado de la bah\u00eda.<\/p>\n\n\n\n<p>rgh\/nrm<\/p>\n\n\n\n<ul class=\"wp-block-list\">\n<li>#<a href=\"https:\/\/www.prensa-latina.cu\/etiqueta\/barcaza\/\">barcaza<\/a>\u00a0#<a href=\"https:\/\/www.prensa-latina.cu\/etiqueta\/encallamiento\/\">encallamiento<\/a>\u00a0#<a href=\"https:\/\/www.prensa-latina.cu\/etiqueta\/puertorico\/\">puertorico<\/a><\/li>\n<\/ul>\n","protected":false},"excerpt":{"rendered":"<p>San Juan, 10 feb (Prensa Latina) La gobernadora de Puerto Rico, Jenniffer Gonz\u00e1lez, estableci\u00f3 hoy que corresponder\u00e1 a la Guardia Costera determinar cu\u00e1ndo se har\u00e1 la remoci\u00f3n de la embarcaci\u00f3n encallada en la v\u00edspera en la bah\u00eda de San Juan. \u201cNo ha habido derrame, ya que todo ven\u00eda vac\u00edo y esta embarcaci\u00f3n es de doble [&hellip;]<\/p>\n","protected":false},"author":28,"featured_media":664785,"comment_status":"open","ping_status":"closed","sticky":false,"template":"","format":"standard","meta":{"footnotes":""},"categories":[23],"tags":[4469,3599],"class_list":["post-664784","post","type-post","status-publish","format-standard","has-post-thumbnail","hentry","category-internacional","tag-barcaza","tag-puerto-rico"],"_links":{"self":[{"href":"https:\/\/diariodominicano.com\/index.php?rest_route=\/wp\/v2\/posts\/664784","targetHints":{"allow":["GET"]}}],"collection":[{"href":"https:\/\/diariodominicano.com\/index.php?rest_route=\/wp\/v2\/posts"}],"about":[{"href":"https:\/\/diariodominicano.com\/index.php?rest_route=\/wp\/v2\/types\/post"}],"author":[{"embeddable":true,"href":"https:\/\/diariodominicano.com\/index.php?rest_route=\/wp\/v2\/users\/28"}],"replies":[{"embeddable":true,"href":"https:\/\/diariodominicano.com\/index.php?rest_route=%2Fwp%2Fv2%2Fcomments&post=664784"}],"version-history":[{"count":1,"href":"https:\/\/diariodominicano.com\/index.php?rest_route=\/wp\/v2\/posts\/664784\/revisions"}],"predecessor-version":[{"id":664786,"href":"https:\/\/diariodominicano.com\/index.php?rest_route=\/wp\/v2\/posts\/664784\/revisions\/664786"}],"wp:featuredmedia":[{"embeddable":true,"href":"https:\/\/diariodominicano.com\/index.php?rest_route=\/wp\/v2\/media\/664785"}],"wp:attachment":[{"href":"https:\/\/diariodominicano.com\/index.php?rest_route=%2Fwp%2Fv2%2Fmedia&parent=664784"}],"wp:term":[{"taxonomy":"category","embeddable":true,"href":"https:\/\/diariodominicano.com\/index.php?rest_route=%2Fwp%2Fv2%2Fcategories&post=664784"},{"taxonomy":"post_tag","embeddable":true,"href":"https:\/\/diariodominicano.com\/index.php?rest_route=%2Fwp%2Fv2%2Ftags&post=664784"}],"curies":[{"name":"wp","href":"https:\/\/api.w.org\/{rel}","templated":true}]}}