{"id":66478,"date":"2012-01-17T20:51:08","date_gmt":"2012-01-17T20:51:08","guid":{"rendered":"http:\/\/diariodominicano.ddns.net\/?p=66478"},"modified":"2012-01-17T20:51:08","modified_gmt":"2012-01-17T20:51:08","slug":"paez-vilaro-publica-su-posdata","status":"publish","type":"post","link":"https:\/\/diariodominicano.com\/?p=66478","title":{"rendered":"P\u00e1ez Vilar\u00f3 publica su \u00abPosdata\u00bb"},"content":{"rendered":"<p><body><\/p>\n<p><span class=\"text1noticias\">Montevideo, Uruguay, 17 enero.- A sus 88 a\u00f1os, el artista pl\u00e1stico uruguayo Carlos P\u00e1ez Vilar\u00f3, quien ha combinado su arte de colores con el arte de las letras, lanz\u00f3 \u00abPosdata\u00bb, una autobiograf\u00eda que calific\u00f3 como \u00abel suspiro final de una confesi\u00f3n que nos habilita a recuperar de nuestra memoria algo que quisimos decir y se nos pas\u00f3 de largo\u00bb.<\/span><\/p>\n<\/p>\n<p><span class=\"text1noticias\">En su reducto de Casapueblo, uno de los buques insignia del balneario de Punta del Este, P\u00e1ez Vilar\u00f3 present\u00f3 el libro ante numerosos amigos que se allegaron a la ceremonia, entre ellos el ministro de Turismo y Deportes Carlos Lescano y el t\u00e9cnico de la selecci\u00f3n de f\u00fatbol, Oscar W. Tab\u00e1rez, dijo a la AP su secretaria y curadora, Mar\u00eda de Zuliani.<\/span><\/p>\n<\/p>\n<p><span class=\"text1noticias\">Ediciones Santillana expres\u00f3 en un comunicado que \u00abel artista ha hecho de su vida una permanente y profunda investigaci\u00f3n\u00bb y ha \u00abdejado la mayor parte de su obra diseminada por los caminos que recorri\u00f3 uniendo su pasi\u00f3n por la pintura y su pasi\u00f3n por los viajes\u00bb.<\/span><\/p>\n<\/p>\n<p><span class=\"text1noticias\">A lo largo de \u00abPosdata\u00bb, P\u00e1ez Vilar\u00f3 expone su posici\u00f3n ante la vida: \u00abNo recular nunca, no dejarse vencer por las contrariedades, responder con una sonrisa a las ofensa, enfrentar con optimismo los contrastes, desvestirse de arrogancia, optar por el camino de la humildad, actuar sin aspirar a una medalla\u00bb.<\/span><\/p>\n<\/p>\n<p><span class=\"text1noticias\">En el libro de 384 p\u00e1ginas, el reconocido artista vuelca sus reflexiones.<\/span><\/p>\n<\/p>\n<p><span class=\"text1noticias\">\u00abSiempre digo que viajar es correr paralelamente con la vida, y si ese viaje est\u00e1 enganchado a la acci\u00f3n del trabajo y del aprendizaje, la cosecha premiar\u00e1 nuestro regreso\u00bb, escribe. \u00abUn d\u00eda decid\u00ed partir por el camino del sol en busca del arte y, si bien \u00e9ste me roz\u00f3, siento que a\u00fan no he logrado tocarlo\u00bb.<\/span><\/p>\n<\/p>\n<p><span class=\"text1noticias\">Y a\u00f1ade: \u00abMi vida pas\u00f3 a ser un corredor lleno de puertas cerradas donde, seducido por el brillo de sus picaportes, me siento tentado a abrirlas mientras avanzo, para darme de plano con la sorpresa &#8230; La calle fue siempre mi alfombra m\u00e1gica, con solo pisarla se pon\u00eda a andar y me llevaba hacia otras donde hab\u00eda una rueda de amigos esper\u00e1ndome &#8230; Agradezco a la esperanza por no haberme abandonado nunca\u00bb.<\/span><\/p>\n<\/p>\n<p><span class=\"text1noticias\">Pa\u00e9z Vilar\u00f3 ha escrito varios libros, incluyendo uno sobre las peripecias de su hijo Carlitos, uno de los 16 sobrevivientes de la Tragegia de Los Andes de 1972, cuando cay\u00f3 un avi\u00f3n con 46 pasajeros a bordo<\/span>.<\/p>\n<\/p>\n<h6> 2012-01-17 20:51:08 <\/h6>\n<p><!--\n<link rel=\"stylesheet\" href=\"css\/bootstrap.min.css\">\n\n\n<ul class=\"pagination\">\n\t    \n\t\n\n<li >\n\t<a href='?page_no=18155'>Previous<\/a>\n\t<\/li>\n\n\n       \n    \n\n<li><a href='?page_no=1'>1<\/a><\/li>\n\n\n\n<li><a href='?page_no=2'>2<\/a><\/li>\n\n\n\n<li><a>...<\/a><\/li>\n\n\n\n<li><a href='?page_no=18154'>18154<\/a><\/li>\n\n\n\n<li><a href='?page_no=18155'>18155<\/a><\/li>\n\n\n\n<li class='active'><a>18156<\/a><\/li>\n\n\n\n<li><a href='?page_no=18157'>18157<\/a><\/li>\n\n\n\n<li><a href='?page_no=18158'>18158<\/a><\/li>\n\n\n\n<li><a>...<\/a><\/li>\n\n\n\n<li><a href='?page_no=22911'>22911<\/a><\/li>\n\n\n\n<li><a href='?page_no=22912'>22912<\/a><\/li>\n\n    \n\t\n\n<li >\n\t<a href='?page_no=18157'>Next<\/a>\n\t<\/li>\n\n\n    \n\n<li><a href='?page_no=22912'>Last &rsaquo;&rsaquo;<\/a><\/li>\n\n<\/ul>\n\n\n--><br \/>\n<\/body><\/p>\n","protected":false},"excerpt":{"rendered":"<p>Montevideo, Uruguay, 17 enero.- A sus 88 a\u00f1os, el artista pl\u00e1stico uruguayo Carlos P\u00e1ez Vilar\u00f3, quien ha combinado su arte de colores con el arte de las letras, lanz\u00f3 \u00abPosdata\u00bb, una autobiograf\u00eda que calific\u00f3 como \u00abel suspiro final de una confesi\u00f3n que nos habilita a recuperar de nuestra memoria algo que quisimos decir y se [&hellip;]<\/p>\n","protected":false},"author":3,"featured_media":0,"comment_status":"open","ping_status":"open","sticky":false,"template":"","format":"standard","meta":{"footnotes":""},"categories":[21],"tags":[],"class_list":["post-66478","post","type-post","status-publish","format-standard","hentry","category-cultura"],"_links":{"self":[{"href":"https:\/\/diariodominicano.com\/index.php?rest_route=\/wp\/v2\/posts\/66478","targetHints":{"allow":["GET"]}}],"collection":[{"href":"https:\/\/diariodominicano.com\/index.php?rest_route=\/wp\/v2\/posts"}],"about":[{"href":"https:\/\/diariodominicano.com\/index.php?rest_route=\/wp\/v2\/types\/post"}],"author":[{"embeddable":true,"href":"https:\/\/diariodominicano.com\/index.php?rest_route=\/wp\/v2\/users\/3"}],"replies":[{"embeddable":true,"href":"https:\/\/diariodominicano.com\/index.php?rest_route=%2Fwp%2Fv2%2Fcomments&post=66478"}],"version-history":[{"count":0,"href":"https:\/\/diariodominicano.com\/index.php?rest_route=\/wp\/v2\/posts\/66478\/revisions"}],"wp:attachment":[{"href":"https:\/\/diariodominicano.com\/index.php?rest_route=%2Fwp%2Fv2%2Fmedia&parent=66478"}],"wp:term":[{"taxonomy":"category","embeddable":true,"href":"https:\/\/diariodominicano.com\/index.php?rest_route=%2Fwp%2Fv2%2Fcategories&post=66478"},{"taxonomy":"post_tag","embeddable":true,"href":"https:\/\/diariodominicano.com\/index.php?rest_route=%2Fwp%2Fv2%2Ftags&post=66478"}],"curies":[{"name":"wp","href":"https:\/\/api.w.org\/{rel}","templated":true}]}}