{"id":664770,"date":"2026-02-11T00:39:09","date_gmt":"2026-02-11T04:39:09","guid":{"rendered":"https:\/\/diariodominicano.com\/?p=664770"},"modified":"2026-02-11T00:39:14","modified_gmt":"2026-02-11T04:39:14","slug":"cuba-denuncia-en-ecuador-impacto-de-nuevas-medidas-de-estados-unidos","status":"publish","type":"post","link":"https:\/\/diariodominicano.com\/?p=664770","title":{"rendered":"Cuba denuncia en Ecuador impacto de nuevas medidas de Estados Unidos"},"content":{"rendered":"\n<p>Quito, 10 feb (Prensa Latina) Cuba denunci\u00f3 hoy en Ecuador el impacto econ\u00f3mico y social de las nuevas medidas de Estados Unidos, que agravan el suministro energ\u00e9tico, las finanzas, el turismo y la vida cotidiana de la poblaci\u00f3n.<\/p>\n\n\n\n<ul class=\"wp-block-list\">\n<li><a href=\"https:\/\/www.prensa-latina.cu\/2026\/02\/10\/\"><time>febrero 10, 2026 | 10:11<\/time><\/a><\/li>\n<\/ul>\n\n\n\n<ul class=\"wp-block-list\">\n<li><a href=\"https:\/\/www.prensa-latina.cu\/2026\/02\/10\/cuba-denuncia-en-ecuador-impacto-de-nuevas-medidas-de-estados-unidos\/#\"><\/a><\/li>\n\n\n\n<li><a href=\"https:\/\/www.prensa-latina.cu\/2026\/02\/10\/cuba-denuncia-en-ecuador-impacto-de-nuevas-medidas-de-estados-unidos\/#\"><\/a><\/li>\n\n\n\n<li><a href=\"https:\/\/www.prensa-latina.cu\/2026\/02\/10\/cuba-denuncia-en-ecuador-impacto-de-nuevas-medidas-de-estados-unidos\/#\"><\/a><\/li>\n\n\n\n<li><a href=\"https:\/\/www.prensa-latina.cu\/2026\/02\/10\/cuba-denuncia-en-ecuador-impacto-de-nuevas-medidas-de-estados-unidos\/#\"><\/a><\/li>\n<\/ul>\n\n\n\n<p>En una entrevista para la emisora Radio Pichincha, el segundo secretario de la embajada cubana en esta naci\u00f3n sudamericana, Julio C\u00e9sar Crespo, se\u00f1al\u00f3 que las dificultades actuales responden, en lo fundamental, al endurecimiento del bloqueo de Washington y sus medidas coercitivas unilaterales.<\/p>\n\n\n\n<p>En particular, critic\u00f3 la m\u00e1s reciente decisi\u00f3n del presidente estadounidense, Donald Trump, quien amenaz\u00f3 con sancionar a terceros pa\u00edses que comercian petr\u00f3leo con Cuba, lo que calific\u00f3 como un bloqueo energ\u00e9tico.<\/p>\n\n\n\n<p>El diplom\u00e1tico sostuvo que estas acciones violan el derecho internacional y la soberan\u00eda de los Estados al impedir relaciones comerciales leg\u00edtimas con Cuba.<\/p>\n\n\n\n<p>Tambi\u00e9n alert\u00f3 sobre las consecuencias financieras de la inclusi\u00f3n de la isla en la lista de Estados patrocinadores del terrorismo, lo que, seg\u00fan dijo, restringe el acceso a cr\u00e9ditos y transacciones internacionales.<\/p>\n\n\n\n<p>Crespo indic\u00f3 que el turismo, una de las principales fuentes de ingreso de la isla, enfrenta afectaciones por restricciones de viaje y por medidas que desincentivan visitas a Cuba desde Estados Unidos y otros pa\u00edses.<\/p>\n\n\n\n<p>Adem\u00e1s, mencion\u00f3 que existen impactos en el sistema de salud por las dificultades para adquirir materias primas destinadas a la producci\u00f3n de medicamentos.<\/p>\n\n\n\n<p>Pese al escenario, que describi\u00f3 como \u201cmuy duro\u201d, afirm\u00f3 que el gobierno cubano mantiene disposici\u00f3n al di\u00e1logo con Estados Unidos sin condicionamientos.<\/p>\n\n\n\n<p>\u201cCuba est\u00e1 dispuesta a dialogar, pero un di\u00e1logo que no comprometa su soberan\u00eda\u201d, subray\u00f3.<\/p>\n\n\n\n<p>El representante del gobierno cubano destac\u00f3 que el pa\u00eds impulsa programas de soberan\u00eda energ\u00e9tica y alimentaria, con \u00e9nfasis en energ\u00edas renovables, para enfrentar las nuevas restricciones.<\/p>\n\n\n\n<p>Reconoci\u00f3 que el endurecimiento del bloqueo podr\u00eda agravar las condiciones de vida, aunque asegur\u00f3 que el Estado cubano eval\u00faa escenarios para evitar una crisis humanitaria.<\/p>\n\n\n\n<p>\u201cLa historia demuestra que el pueblo cubano ha resistido d\u00e9cadas de bloqueo y est\u00e1 dispuesto a seguir haci\u00e9ndolo\u201d, concluy\u00f3 el representante diplom\u00e1tico.<\/p>\n\n\n\n<p>jha\/avr<\/p>\n\n\n\n<ul class=\"wp-block-list\">\n<li>#<a href=\"https:\/\/www.prensa-latina.cu\/etiqueta\/bloqueo\/\">bloqueo<\/a>\u00a0#<a href=\"https:\/\/www.prensa-latina.cu\/etiqueta\/combustible\/\">combustible<\/a>\u00a0#<a href=\"https:\/\/www.prensa-latina.cu\/etiqueta\/cuba\/\">cuba<\/a>\u00a0#<a href=\"https:\/\/www.prensa-latina.cu\/etiqueta\/ecuador\/\">Ecuador<\/a><\/li>\n<\/ul>\n","protected":false},"excerpt":{"rendered":"<p>Quito, 10 feb (Prensa Latina) Cuba denunci\u00f3 hoy en Ecuador el impacto econ\u00f3mico y social de las nuevas medidas de Estados Unidos, que agravan el suministro energ\u00e9tico, las finanzas, el turismo y la vida cotidiana de la poblaci\u00f3n. En una entrevista para la emisora Radio Pichincha, el segundo secretario de la embajada cubana en esta [&hellip;]<\/p>\n","protected":false},"author":28,"featured_media":664771,"comment_status":"closed","ping_status":"closed","sticky":false,"template":"","format":"standard","meta":{"footnotes":""},"categories":[23],"tags":[3100],"class_list":["post-664770","post","type-post","status-publish","format-standard","has-post-thumbnail","hentry","category-internacional","tag-cuba"],"_links":{"self":[{"href":"https:\/\/diariodominicano.com\/index.php?rest_route=\/wp\/v2\/posts\/664770","targetHints":{"allow":["GET"]}}],"collection":[{"href":"https:\/\/diariodominicano.com\/index.php?rest_route=\/wp\/v2\/posts"}],"about":[{"href":"https:\/\/diariodominicano.com\/index.php?rest_route=\/wp\/v2\/types\/post"}],"author":[{"embeddable":true,"href":"https:\/\/diariodominicano.com\/index.php?rest_route=\/wp\/v2\/users\/28"}],"replies":[{"embeddable":true,"href":"https:\/\/diariodominicano.com\/index.php?rest_route=%2Fwp%2Fv2%2Fcomments&post=664770"}],"version-history":[{"count":1,"href":"https:\/\/diariodominicano.com\/index.php?rest_route=\/wp\/v2\/posts\/664770\/revisions"}],"predecessor-version":[{"id":664772,"href":"https:\/\/diariodominicano.com\/index.php?rest_route=\/wp\/v2\/posts\/664770\/revisions\/664772"}],"wp:featuredmedia":[{"embeddable":true,"href":"https:\/\/diariodominicano.com\/index.php?rest_route=\/wp\/v2\/media\/664771"}],"wp:attachment":[{"href":"https:\/\/diariodominicano.com\/index.php?rest_route=%2Fwp%2Fv2%2Fmedia&parent=664770"}],"wp:term":[{"taxonomy":"category","embeddable":true,"href":"https:\/\/diariodominicano.com\/index.php?rest_route=%2Fwp%2Fv2%2Fcategories&post=664770"},{"taxonomy":"post_tag","embeddable":true,"href":"https:\/\/diariodominicano.com\/index.php?rest_route=%2Fwp%2Fv2%2Ftags&post=664770"}],"curies":[{"name":"wp","href":"https:\/\/api.w.org\/{rel}","templated":true}]}}