{"id":66477,"date":"2012-01-17T20:54:21","date_gmt":"2012-01-17T20:54:21","guid":{"rendered":"http:\/\/diariodominicano.ddns.net\/?p=66477"},"modified":"2012-01-17T20:54:21","modified_gmt":"2012-01-17T20:54:21","slug":"restauran-esculturas-del-reloj-astronomico-de-praga","status":"publish","type":"post","link":"https:\/\/diariodominicano.com\/?p=66477","title":{"rendered":"Restauran esculturas del Reloj Astron\u00f3mico de Praga"},"content":{"rendered":"<p><body><\/p>\n<p><span class=\"text1noticias\">Praga, Chescolovaquia, 17 enero.- Cuatro esculturas de madera del c\u00e9lebre Reloj Astron\u00f3mico medieval de la capital checa fueron retiradas el viernes para su restauraci\u00f3n.<\/span><\/p>\n<\/p>\n<p><span class=\"text1noticias\">El encargado del reloj, Petr Skala, dijo que las esculturas requieren una restauraci\u00f3n peri\u00f3dica para prevenir los da\u00f1os de la humedad.<\/span><\/p>\n<\/p>\n<p><span class=\"text1noticias\">Skala dijo que el reloj, instalado en el antiguo ayuntamiento praguense en 1410, no dejar\u00e1 de funcionar. La tradici\u00f3n dice que cuando el reloj se detiene, la ciudad sufre una cat\u00e1strofe.<\/span><\/p>\n<\/p>\n<p><span class=\"text1noticias\">Una de las esculturas m\u00e1s c\u00e9lebres es la de un esqueleto que representa la Muerte. Finalizado este trabajo, que tomar\u00e1 dos meses, se restaurar\u00e1n otras cuatro esculturas.<\/span><\/p>\n<\/p>\n<p><span class=\"text1noticias\">La \u00faltima vez que el reloj se detuvo, en 2002, Praga sufri\u00f3 las inundaciones m\u00e1s graves de su historia<\/span>.<\/p>\n<\/p>\n<h6> 2012-01-17 20:54:21 <\/h6>\n<p><!--\n<link rel=\"stylesheet\" href=\"css\/bootstrap.min.css\">\n\n\n<ul class=\"pagination\">\n\t    \n\t\n\n<li >\n\t<a href='?page_no=18154'>Previous<\/a>\n\t<\/li>\n\n\n       \n    \n\n<li><a href='?page_no=1'>1<\/a><\/li>\n\n\n\n<li><a href='?page_no=2'>2<\/a><\/li>\n\n\n\n<li><a>...<\/a><\/li>\n\n\n\n<li><a href='?page_no=18153'>18153<\/a><\/li>\n\n\n\n<li><a href='?page_no=18154'>18154<\/a><\/li>\n\n\n\n<li class='active'><a>18155<\/a><\/li>\n\n\n\n<li><a href='?page_no=18156'>18156<\/a><\/li>\n\n\n\n<li><a href='?page_no=18157'>18157<\/a><\/li>\n\n\n\n<li><a>...<\/a><\/li>\n\n\n\n<li><a href='?page_no=22911'>22911<\/a><\/li>\n\n\n\n<li><a href='?page_no=22912'>22912<\/a><\/li>\n\n    \n\t\n\n<li >\n\t<a href='?page_no=18156'>Next<\/a>\n\t<\/li>\n\n\n    \n\n<li><a href='?page_no=22912'>Last &rsaquo;&rsaquo;<\/a><\/li>\n\n<\/ul>\n\n\n--><br \/>\n<\/body><\/p>\n","protected":false},"excerpt":{"rendered":"<p>Praga, Chescolovaquia, 17 enero.- Cuatro esculturas de madera del c\u00e9lebre Reloj Astron\u00f3mico medieval de la capital checa fueron retiradas el viernes para su restauraci\u00f3n. El encargado del reloj, Petr Skala, dijo que las esculturas requieren una restauraci\u00f3n peri\u00f3dica para prevenir los da\u00f1os de la humedad. Skala dijo que el reloj, instalado en el antiguo ayuntamiento [&hellip;]<\/p>\n","protected":false},"author":3,"featured_media":0,"comment_status":"open","ping_status":"open","sticky":false,"template":"","format":"standard","meta":{"footnotes":""},"categories":[21],"tags":[],"class_list":["post-66477","post","type-post","status-publish","format-standard","hentry","category-cultura"],"_links":{"self":[{"href":"https:\/\/diariodominicano.com\/index.php?rest_route=\/wp\/v2\/posts\/66477","targetHints":{"allow":["GET"]}}],"collection":[{"href":"https:\/\/diariodominicano.com\/index.php?rest_route=\/wp\/v2\/posts"}],"about":[{"href":"https:\/\/diariodominicano.com\/index.php?rest_route=\/wp\/v2\/types\/post"}],"author":[{"embeddable":true,"href":"https:\/\/diariodominicano.com\/index.php?rest_route=\/wp\/v2\/users\/3"}],"replies":[{"embeddable":true,"href":"https:\/\/diariodominicano.com\/index.php?rest_route=%2Fwp%2Fv2%2Fcomments&post=66477"}],"version-history":[{"count":0,"href":"https:\/\/diariodominicano.com\/index.php?rest_route=\/wp\/v2\/posts\/66477\/revisions"}],"wp:attachment":[{"href":"https:\/\/diariodominicano.com\/index.php?rest_route=%2Fwp%2Fv2%2Fmedia&parent=66477"}],"wp:term":[{"taxonomy":"category","embeddable":true,"href":"https:\/\/diariodominicano.com\/index.php?rest_route=%2Fwp%2Fv2%2Fcategories&post=66477"},{"taxonomy":"post_tag","embeddable":true,"href":"https:\/\/diariodominicano.com\/index.php?rest_route=%2Fwp%2Fv2%2Ftags&post=66477"}],"curies":[{"name":"wp","href":"https:\/\/api.w.org\/{rel}","templated":true}]}}