{"id":66476,"date":"2012-01-17T20:59:09","date_gmt":"2012-01-17T20:59:09","guid":{"rendered":"http:\/\/diariodominicano.ddns.net\/?p=66476"},"modified":"2012-01-17T20:59:09","modified_gmt":"2012-01-17T20:59:09","slug":"christies-subastara-coleccion-de-arte-de-elizabeth-taylor","status":"publish","type":"post","link":"https:\/\/diariodominicano.com\/?p=66476","title":{"rendered":"Christie&#8217;s subastar\u00e1 colecci\u00f3n de arte de Elizabeth Taylor"},"content":{"rendered":"<p><body><\/p>\n<p><span class=\"text1noticias\">Londr\u00e9s, 17 enero.- Un paisaje de Vincent van Gogh y otras pinturas de la colecci\u00f3n de Elizabeth Taylor ser\u00e1n vendidas en Londres el pr\u00f3ximo mes.<\/span><\/p>\n<\/p>\n<p><span class=\"text1noticias\">La casa de subastas Christie&#8217;s inform\u00f3 que 38 piezas que pertenecieron a la fallecida actriz estar\u00e1n incluidas en las ventas de arte impresionista y moderno del 7 y 8 de febrero.<\/span><\/p>\n<\/p>\n<p><span class=\"text1noticias\">Entre las obras destaca un paisaje oto\u00f1al de van Gogh titulado \u00abVista del asilo y la capilla de Saint-Remy\u00bb cuyo precio estimado es de cinco a siete millones de libras esterlinas (7,6 a 11 millones de d\u00f3lares) as\u00ed como un autoretrato de Edgar Degas y obras de Camille Pissarro y Auguste Renoir.<\/span><\/p>\n<\/p>\n<p><span class=\"text1noticias\">Taylor, quien era hija de un corredor de arte de Londres, cre\u00f3 una colecci\u00f3n bastante grande de obras del siglo XIX y XX.<\/span><\/p>\n<\/p>\n<p><span class=\"text1noticias\">Su padre, Francis Taylor, compr\u00f3 la pintura de van Gogh en 1963 a nombre de su hija por 257.600 d\u00f3lares en una subasta de Sotheby&#8217;s en Londres.<\/span><\/p>\n<\/p>\n<p><span class=\"text1noticias\">Despu\u00e9s la pintura llev\u00f3 a una batalla por su propiedad que termin\u00f3 en 2007, cuando la Corte Suprema de Etados Unidos se neg\u00f3 a considerar las demandas presentadas por los descendientes de una antigua due\u00f1a del paisaje, una mujer jud\u00eda que huy\u00f3 de Alemania en 1939.<\/span><\/p>\n<\/p>\n<p><span class=\"text1noticias\">\u00abCreci\u00f3 rodeada de bellas artes y estuvo rodeada de sus propias pinturas hasta el final de su vida, por eso esta colecci\u00f3n era muy importante para la se\u00f1orita Taylor\u00bb, dijo la especialista de arte impresionista y moderno de Christie&#8217;s Giovanna Bertazzoni.<\/span><\/p>\n<\/p>\n<p><span class=\"text1noticias\">Bertazzoni dijo que la subasta no s\u00f3lo \u00able da a los coleccionistas una mirada muy interesante a ella como icono, sino tambi\u00e9n la emocionante oportunidad de adquirir trabajos importantes de los artistas impresionistas y modernos m\u00e1s destacados\u00bb.<\/span><\/p>\n<\/p>\n<p><span class=\"text1noticias\">La joyer\u00eda de Taylor, su ropa y algunos recuerdos de pel\u00edculas recaudaron 156 millones de d\u00f3lares en diversas subastas realizadas en Nueva York el mes pasado. Un comprador pag\u00f3 8,8 millones de d\u00f3lares por un anillo de diamantes de 33,19 quilates que le regal\u00f3 Richard Burton a Taylor. Los actores estuvieron casados dos veces.<\/span><\/p>\n<\/p>\n<p><span class=\"text1noticias\">La diva del cine, cuyas pel\u00edculas incluyen \u00abCleopatra\u00bb, \u00ab\u00bfQui\u00e9n le teme a Virginia Woolf?\u00bb y \u00abUn gato sobre el tejado de cinc\u00bb muri\u00f3 en 2011 a los 79 a\u00f1os.<\/span><\/p>\n<\/p>\n<p><span class=\"text1noticias\">Sus colecci\u00f3n de arte se mostrar\u00e1 en Christie&#8217;s de Londres del 2 al 7 de febrero.<\/span><\/p>\n<\/p>\n<p><span class=\"text1noticias\">Las ganancias de la venta ser\u00e1n destinadas al Fideicomiso Elizabeth Taylor.<\/span><\/p>\n<\/p>\n<h6> 2012-01-17 20:59:09 <\/h6>\n<p><!--\n<link rel=\"stylesheet\" href=\"css\/bootstrap.min.css\">\n\n\n<ul class=\"pagination\">\n\t    \n\t\n\n<li >\n\t<a href='?page_no=18153'>Previous<\/a>\n\t<\/li>\n\n\n       \n    \n\n<li><a href='?page_no=1'>1<\/a><\/li>\n\n\n\n<li><a href='?page_no=2'>2<\/a><\/li>\n\n\n\n<li><a>...<\/a><\/li>\n\n\n\n<li><a href='?page_no=18152'>18152<\/a><\/li>\n\n\n\n<li><a href='?page_no=18153'>18153<\/a><\/li>\n\n\n\n<li class='active'><a>18154<\/a><\/li>\n\n\n\n<li><a href='?page_no=18155'>18155<\/a><\/li>\n\n\n\n<li><a href='?page_no=18156'>18156<\/a><\/li>\n\n\n\n<li><a>...<\/a><\/li>\n\n\n\n<li><a href='?page_no=22911'>22911<\/a><\/li>\n\n\n\n<li><a href='?page_no=22912'>22912<\/a><\/li>\n\n    \n\t\n\n<li >\n\t<a href='?page_no=18155'>Next<\/a>\n\t<\/li>\n\n\n    \n\n<li><a href='?page_no=22912'>Last &rsaquo;&rsaquo;<\/a><\/li>\n\n<\/ul>\n\n\n--><br \/>\n<\/body><\/p>\n","protected":false},"excerpt":{"rendered":"<p>Londr\u00e9s, 17 enero.- Un paisaje de Vincent van Gogh y otras pinturas de la colecci\u00f3n de Elizabeth Taylor ser\u00e1n vendidas en Londres el pr\u00f3ximo mes. La casa de subastas Christie&#8217;s inform\u00f3 que 38 piezas que pertenecieron a la fallecida actriz estar\u00e1n incluidas en las ventas de arte impresionista y moderno del 7 y 8 de [&hellip;]<\/p>\n","protected":false},"author":3,"featured_media":0,"comment_status":"open","ping_status":"open","sticky":false,"template":"","format":"standard","meta":{"footnotes":""},"categories":[21],"tags":[],"class_list":["post-66476","post","type-post","status-publish","format-standard","hentry","category-cultura"],"_links":{"self":[{"href":"https:\/\/diariodominicano.com\/index.php?rest_route=\/wp\/v2\/posts\/66476","targetHints":{"allow":["GET"]}}],"collection":[{"href":"https:\/\/diariodominicano.com\/index.php?rest_route=\/wp\/v2\/posts"}],"about":[{"href":"https:\/\/diariodominicano.com\/index.php?rest_route=\/wp\/v2\/types\/post"}],"author":[{"embeddable":true,"href":"https:\/\/diariodominicano.com\/index.php?rest_route=\/wp\/v2\/users\/3"}],"replies":[{"embeddable":true,"href":"https:\/\/diariodominicano.com\/index.php?rest_route=%2Fwp%2Fv2%2Fcomments&post=66476"}],"version-history":[{"count":0,"href":"https:\/\/diariodominicano.com\/index.php?rest_route=\/wp\/v2\/posts\/66476\/revisions"}],"wp:attachment":[{"href":"https:\/\/diariodominicano.com\/index.php?rest_route=%2Fwp%2Fv2%2Fmedia&parent=66476"}],"wp:term":[{"taxonomy":"category","embeddable":true,"href":"https:\/\/diariodominicano.com\/index.php?rest_route=%2Fwp%2Fv2%2Fcategories&post=66476"},{"taxonomy":"post_tag","embeddable":true,"href":"https:\/\/diariodominicano.com\/index.php?rest_route=%2Fwp%2Fv2%2Ftags&post=66476"}],"curies":[{"name":"wp","href":"https:\/\/api.w.org\/{rel}","templated":true}]}}