{"id":664759,"date":"2026-02-11T00:19:53","date_gmt":"2026-02-11T04:19:53","guid":{"rendered":"https:\/\/diariodominicano.com\/?p=664759"},"modified":"2026-02-11T00:19:55","modified_gmt":"2026-02-11T04:19:55","slug":"asociaciones-clubes-y-equipos-de-ciclismo-piden-a-miderec-construir-moderna-pista-bmx-en-la-barranquita-de-santiago","status":"publish","type":"post","link":"https:\/\/diariodominicano.com\/?p=664759","title":{"rendered":"Asociaciones, clubes y equipos de ciclismo piden a MIDEREC construir moderna pista BMX en La Barranquita de Santiago"},"content":{"rendered":"\n<p><strong>Los bicicrosistas dominicanos se preparan arduamente con miras a su participaci\u00f3n en los XXV Juegos Deportivos Centroamericanos y del Caribe Santo Domingo 2026.<\/strong><\/p>\n\n\n\n<p><em>Varios instituciones cicl\u00edsticas sugirieron tambi\u00e9n la reconstrucci\u00f3n de la pista del Centro Ol\u00edmpico Juan Pablo Duarte (COJPD)<\/em><\/p>\n\n\n\n<p><strong>Por Ram\u00f3n Mart\u00edn Olivo.-<\/strong><\/p>\n\n\n\n<p>De&nbsp;<a href=\"http:\/\/deciclismoymas.com\/\" target=\"_blank\" rel=\"noreferrer noopener\">deciclismoymas.com<\/a>.-<\/p>\n\n\n\n<p>SANTO DOMINGO, Distrito Nacional, R.D.- Asociaciones y clubes de ciclismo de todo el pa\u00eds clamaron para que el Ministerio de Deportes y Recreaci\u00f3n (MIDEREC) construya una pista de&nbsp; bicicross (BMX) en La Barranquita (Santiago de los Caballeros) y remodele la ubicada al lado del vel\u00f3dromo del Centro Ol\u00edmpico Juan Pablo Duarte (COJPD) en la capital.<\/p>\n\n\n\n<figure class=\"wp-block-image size-large\"><img loading=\"lazy\" decoding=\"async\" width=\"768\" height=\"1024\" src=\"https:\/\/diariodominicano.com\/wp-content\/uploads\/2026\/02\/WhatsApp-Image-2026-02-10-at-3.51.24-PM-1-768x1024.jpeg\" alt=\"\" class=\"wp-image-664761\" srcset=\"https:\/\/diariodominicano.com\/wp-content\/uploads\/2026\/02\/WhatsApp-Image-2026-02-10-at-3.51.24-PM-1-768x1023.jpeg 768w, https:\/\/diariodominicano.com\/wp-content\/uploads\/2026\/02\/WhatsApp-Image-2026-02-10-at-3.51.24-PM-1-225x300.jpeg 225w, https:\/\/diariodominicano.com\/wp-content\/uploads\/2026\/02\/WhatsApp-Image-2026-02-10-at-3.51.24-PM-1-1153x1536.jpeg 1153w, https:\/\/diariodominicano.com\/wp-content\/uploads\/2026\/02\/WhatsApp-Image-2026-02-10-at-3.51.24-PM-1-816x1087.jpeg 816w, https:\/\/diariodominicano.com\/wp-content\/uploads\/2026\/02\/WhatsApp-Image-2026-02-10-at-3.51.24-PM-1.jpeg 1200w\" sizes=\"auto, (max-width: 768px) 100vw, 768px\" \/><\/figure>\n\n\n\n<p><strong>Bicicrosistas de todas las edades entrenan en la pista privada con mejores condiciones que la ubicada al lado del vel\u00f3dromo en el Centro Ol\u00edmpico Juan Pablo Duarte (COJPD).<\/strong><\/p>\n\n\n\n<p>\u201cEl Club BMX La Fe y otros organismos de ciclismo de todo el pa\u00eds estamos solicitando que el ministro de Deportes y Recreaci\u00f3n, ingeniero Kelvin Cruz, ponga todo su empe\u00f1o en construir una pista BMX en Santiago, o en el Parque del Este, para que as\u00ed podamos participar en buena lid en los pr\u00f3ximos Juegos Deportivos Centroamericanos y del Caribe Santo Domingo 2026\u201d, manifest\u00f3 el dirigente Leonardo Castillo Gratereaux.<\/p>\n\n\n\n<p>En representaci\u00f3n de varias instituciones ciclistas dominicanas, Castillo Gratereaux revel\u00f3 que la pista que utilizan los bicicrosistas en el Centro Ol\u00edmpico no cuenta con los requerimientos t\u00e9cnicos que exige la Uni\u00f3n Ciclista Internacional (UCI).<\/p>\n\n\n\n<p>\u201cPor lo que pedimos que sea remozada o remodelada, con la integraci\u00f3n de otra recta para cumplir con la medida reglamentaria y una rampa de salida m\u00e1s alta y grande a nivel centroamericano. De esa forma nuestros atletas \u2018aros 20\u2019 podr\u00e1n realizar debidamente sus pr\u00e1cticas\u201d, enfatiz\u00f3.<\/p>\n\n\n\n<p>En entrevista concedida a&nbsp;<a href=\"http:\/\/deciclismoymas.com\/\" target=\"_blank\" rel=\"noreferrer noopener\">deciclismoymas.com<\/a>&nbsp;Castillo Gratereaux revel\u00f3 que la modalidad BMX en el pa\u00eds est\u00e1 obsoleta, precisamente porque no cuenta con una pista adecuada en la que se puedan realizar entrenamientos y competencias de nivel, y darle acogida al p\u00fablico con la inclusi\u00f3n de gradas y oficinas.<\/p>\n\n\n\n<p>Reconoci\u00f3 que la construcci\u00f3n de una pista ol\u00edmpica no es tan simple como algunos creen, ya que se deben crear las medidas, est\u00e1ndares y condiciones para dicha obra.<\/p>\n\n\n\n<p>\u201cCreo que es oportuno que el comit\u00e9 organizador de los XXV Juegos Centroamericanos y del Caribe dispongan y hagan un aparte de los recursos que tienen para construir una pista BMX con todo lo de la ley\u201d, enfatiz\u00f3 el dirigente comunitario del ensanche La Fe, de la capital.<\/p>\n\n\n\n<p>Castillo Gratereaux reiter\u00f3 su llamado al presidente Luis Abinader Corona y al ministro Kelvin Cruz para que dispongan del remozamiento de la pista BMX en el Centro Ol\u00edmpico \u201cy as\u00ed el bicicross dominicano adopte un nivel competitivo internacionalmente\u201d.<\/p>\n\n\n\n<p><strong>Bicicrosistas practican afanosamente<\/strong><\/p>\n\n\n\n<p>Leonardo Castillo dijo que los corredores BMX que aspiran representar el pa\u00eds en los Centroamericanos y del Caribe est\u00e1n practicando en la pista privada del club \u201cEl Pato con Alfredo\u201d, ubicada en el sector Los R\u00edos, la cual cuenta con mejores condiciones que la del Centro Ol\u00edmpico.<\/p>\n\n\n\n<p>\u201cLos muchachos est\u00e1n practicando de forma ardua y afanada porque quieren aprovechar la pista privada a cuyos propietarios deben retribuir dinero en efectivo para tener el permiso de competir en la misma\u201d, revel\u00f3.&nbsp;&nbsp;<\/p>\n\n\n\n<p>Record\u00f3 que la edici\u00f3n n\u00famero 25 de los Juegos Deportivos Centroamericanos y del Caribe Santo Domingo 2026 se llevar\u00e1n a cabo del 24 de julio al 8 de agosto pr\u00f3ximo. (<em>Molivo Press<\/em>).<\/p>\n\n\n\n<p><strong>PIE DE FOTO:<\/strong><\/p>\n\n\n\n<p><strong>Los bicicrosistas dominicanos se preparan arduamente con miras a su participaci\u00f3n en los XXV Juegos Deportivos Centroamericanos y del Caribe Santo Domingo 2026.<\/strong><\/p>\n\n\n\n<p><strong>PIE DE FOTO:<\/strong><\/p>\n\n\n\n<p><strong>El presidente del Club BMX La Fe, Leonardo Castillo Gratereaux, propulsor de la modalidad ciclista BMX, muestra las condiciones de la pista bicicross en el Centro Ol\u00edmpico Juan Pablo Duarte.<\/strong><\/p>\n\n\n\n<p><strong>PIE DE FOTO:<\/strong><\/p>\n\n\n\n<p><strong>Los bicicrosistas dominicanos contin\u00faan practicando pese a no contar con una pista reglamentaria a nivel de la Uni\u00f3n Ciclista Internacional (UCI).<\/strong><\/p>\n\n\n\n<p><strong>PIE DE FOTO:<\/strong><\/p>\n\n\n\n<p><strong>Bicicrosistas de todas las edades entrenan en la pista privada con mejores condiciones que la ubicada al lado del vel\u00f3dromo en el Centro Ol\u00edmpico Juan Pablo Duarte (COJPD).<\/strong><\/p>\n","protected":false},"excerpt":{"rendered":"<p>Los bicicrosistas dominicanos se preparan arduamente con miras a su participaci\u00f3n en los XXV Juegos Deportivos Centroamericanos y del Caribe Santo Domingo 2026. Varios instituciones cicl\u00edsticas sugirieron tambi\u00e9n la reconstrucci\u00f3n de la pista del Centro Ol\u00edmpico Juan Pablo Duarte (COJPD) Por Ram\u00f3n Mart\u00edn Olivo.- De&nbsp;deciclismoymas.com.- SANTO DOMINGO, Distrito Nacional, R.D.- Asociaciones y clubes de ciclismo [&hellip;]<\/p>\n","protected":false},"author":2,"featured_media":664760,"comment_status":"open","ping_status":"closed","sticky":false,"template":"","format":"standard","meta":{"footnotes":""},"categories":[17],"tags":[4467,249],"class_list":["post-664759","post","type-post","status-publish","format-standard","has-post-thumbnail","hentry","category-deportes","tag-bmx","tag-miderec"],"_links":{"self":[{"href":"https:\/\/diariodominicano.com\/index.php?rest_route=\/wp\/v2\/posts\/664759","targetHints":{"allow":["GET"]}}],"collection":[{"href":"https:\/\/diariodominicano.com\/index.php?rest_route=\/wp\/v2\/posts"}],"about":[{"href":"https:\/\/diariodominicano.com\/index.php?rest_route=\/wp\/v2\/types\/post"}],"author":[{"embeddable":true,"href":"https:\/\/diariodominicano.com\/index.php?rest_route=\/wp\/v2\/users\/2"}],"replies":[{"embeddable":true,"href":"https:\/\/diariodominicano.com\/index.php?rest_route=%2Fwp%2Fv2%2Fcomments&post=664759"}],"version-history":[{"count":1,"href":"https:\/\/diariodominicano.com\/index.php?rest_route=\/wp\/v2\/posts\/664759\/revisions"}],"predecessor-version":[{"id":664762,"href":"https:\/\/diariodominicano.com\/index.php?rest_route=\/wp\/v2\/posts\/664759\/revisions\/664762"}],"wp:featuredmedia":[{"embeddable":true,"href":"https:\/\/diariodominicano.com\/index.php?rest_route=\/wp\/v2\/media\/664760"}],"wp:attachment":[{"href":"https:\/\/diariodominicano.com\/index.php?rest_route=%2Fwp%2Fv2%2Fmedia&parent=664759"}],"wp:term":[{"taxonomy":"category","embeddable":true,"href":"https:\/\/diariodominicano.com\/index.php?rest_route=%2Fwp%2Fv2%2Fcategories&post=664759"},{"taxonomy":"post_tag","embeddable":true,"href":"https:\/\/diariodominicano.com\/index.php?rest_route=%2Fwp%2Fv2%2Ftags&post=664759"}],"curies":[{"name":"wp","href":"https:\/\/api.w.org\/{rel}","templated":true}]}}