{"id":66474,"date":"2012-01-17T21:16:34","date_gmt":"2012-01-17T21:16:34","guid":{"rendered":"http:\/\/diariodominicano.ddns.net\/?p=66474"},"modified":"2012-01-17T21:16:34","modified_gmt":"2012-01-17T21:16:34","slug":"ultimos-dias-de-convocatoria-premios-literatura-y-musica","status":"publish","type":"post","link":"https:\/\/diariodominicano.com\/?p=66474","title":{"rendered":"\u00daltimos d\u00edas de convocatoria Premios Literatura y M\u00fasica"},"content":{"rendered":"<p><body><\/p>\n<p><span class=\"text1noticias\">Santo Domingo, RD, 17 enero.- El Ministerio de Cultura concluir\u00e1 el 28 de enero, seg\u00fan lo establecen las bases, la recepci\u00f3n de las obras a concursar en los Premios Anuales de Literatura y M\u00fasica correspondientes al 2011, anunci\u00f3 ayer una nota de prensa de esa instancia. <\/span><\/p>\n<\/p>\n<p><span class=\"text1noticias\">La convocatoria inici\u00f3 el 17 de noviembre del pasado a\u00f1o y fue dirigida a todos los m\u00fasicos y escritores de nacionalidad dominicana.<\/span><\/p>\n<\/p>\n<p><span class=\"text1noticias\">En el rengl\u00f3n Literatura, los concursantes podr\u00e1n participar en poes\u00eda, novela, cuento, ensayo, teatro, historia y literatura infanto-juvenil.<\/span><\/p>\n<\/p>\n<p><span class=\"text1noticias\">Mientras que en M\u00fasica, las modalidades son: M\u00fasica Cl\u00e1sica, M\u00fasica de C\u00e1mara, M\u00fasica Popular-Bailable, Pop-Rock-Jazz y Folcl\u00f3rica.<\/span><\/p>\n<\/p>\n<p><span class=\"text1noticias\">Premios y direcci\u00f3n<\/span><\/p>\n<\/p>\n<p><span class=\"text1noticias\">Cada uno de los galardonados recibir\u00e1 como premio la suma de RD$250 mil durante un acto que se llevar\u00e1 a cabo en el mes de junio del presente a\u00f1o.<\/span><\/p>\n<\/p>\n<p><span class=\"text1noticias\">Las obras deben entregarse en las oficinas de la Direcci\u00f3n de Gesti\u00f3n Literaria, ubicadas en la Sede del Ministerio de Cultura, Av. George Washington esquina Presidente Vicini Burgos<\/span>.<\/p>\n<h6> 2012-01-17 21:16:34 <\/h6>\n<p><!--\n<link rel=\"stylesheet\" href=\"css\/bootstrap.min.css\">\n\n\n<ul class=\"pagination\">\n\t    \n\t\n\n<li >\n\t<a href='?page_no=18151'>Previous<\/a>\n\t<\/li>\n\n\n       \n    \n\n<li><a href='?page_no=1'>1<\/a><\/li>\n\n\n\n<li><a href='?page_no=2'>2<\/a><\/li>\n\n\n\n<li><a>...<\/a><\/li>\n\n\n\n<li><a href='?page_no=18150'>18150<\/a><\/li>\n\n\n\n<li><a href='?page_no=18151'>18151<\/a><\/li>\n\n\n\n<li class='active'><a>18152<\/a><\/li>\n\n\n\n<li><a href='?page_no=18153'>18153<\/a><\/li>\n\n\n\n<li><a href='?page_no=18154'>18154<\/a><\/li>\n\n\n\n<li><a>...<\/a><\/li>\n\n\n\n<li><a href='?page_no=22911'>22911<\/a><\/li>\n\n\n\n<li><a href='?page_no=22912'>22912<\/a><\/li>\n\n    \n\t\n\n<li >\n\t<a href='?page_no=18153'>Next<\/a>\n\t<\/li>\n\n\n    \n\n<li><a href='?page_no=22912'>Last &rsaquo;&rsaquo;<\/a><\/li>\n\n<\/ul>\n\n\n--><br \/>\n<\/body><\/p>\n","protected":false},"excerpt":{"rendered":"<p>Santo Domingo, RD, 17 enero.- El Ministerio de Cultura concluir\u00e1 el 28 de enero, seg\u00fan lo establecen las bases, la recepci\u00f3n de las obras a concursar en los Premios Anuales de Literatura y M\u00fasica correspondientes al 2011, anunci\u00f3 ayer una nota de prensa de esa instancia. La convocatoria inici\u00f3 el 17 de noviembre del pasado [&hellip;]<\/p>\n","protected":false},"author":3,"featured_media":0,"comment_status":"open","ping_status":"open","sticky":false,"template":"","format":"standard","meta":{"footnotes":""},"categories":[21],"tags":[],"class_list":["post-66474","post","type-post","status-publish","format-standard","hentry","category-cultura"],"_links":{"self":[{"href":"https:\/\/diariodominicano.com\/index.php?rest_route=\/wp\/v2\/posts\/66474","targetHints":{"allow":["GET"]}}],"collection":[{"href":"https:\/\/diariodominicano.com\/index.php?rest_route=\/wp\/v2\/posts"}],"about":[{"href":"https:\/\/diariodominicano.com\/index.php?rest_route=\/wp\/v2\/types\/post"}],"author":[{"embeddable":true,"href":"https:\/\/diariodominicano.com\/index.php?rest_route=\/wp\/v2\/users\/3"}],"replies":[{"embeddable":true,"href":"https:\/\/diariodominicano.com\/index.php?rest_route=%2Fwp%2Fv2%2Fcomments&post=66474"}],"version-history":[{"count":0,"href":"https:\/\/diariodominicano.com\/index.php?rest_route=\/wp\/v2\/posts\/66474\/revisions"}],"wp:attachment":[{"href":"https:\/\/diariodominicano.com\/index.php?rest_route=%2Fwp%2Fv2%2Fmedia&parent=66474"}],"wp:term":[{"taxonomy":"category","embeddable":true,"href":"https:\/\/diariodominicano.com\/index.php?rest_route=%2Fwp%2Fv2%2Fcategories&post=66474"},{"taxonomy":"post_tag","embeddable":true,"href":"https:\/\/diariodominicano.com\/index.php?rest_route=%2Fwp%2Fv2%2Ftags&post=66474"}],"curies":[{"name":"wp","href":"https:\/\/api.w.org\/{rel}","templated":true}]}}