{"id":66473,"date":"2012-01-17T21:20:03","date_gmt":"2012-01-17T21:20:03","guid":{"rendered":"http:\/\/diariodominicano.ddns.net\/?p=66473"},"modified":"2012-01-17T21:20:03","modified_gmt":"2012-01-17T21:20:03","slug":"el-artista-extraordinaria-obra","status":"publish","type":"post","link":"https:\/\/diariodominicano.com\/?p=66473","title":{"rendered":"El Artista, extraordinaria obra"},"content":{"rendered":"<p><body><\/p>\n<p><span class=\"text1noticias\">Santo Domingo, RD, 17 enero.- \u00abThe Artist\u00bb(El Artista), del realizador franc\u00e9s Michel Hazanavicius (de ascendencia lituana), es una pel\u00edcula art dec\u00f3, estructurada -ojo, cineastas- sobre una historia C-I-N-E-M-A-T-O-G-R-\u00c1-F-I-C-A, en su estado m\u00e1s puro.<\/span><\/p>\n<\/p>\n<p><span class=\"text1noticias\">No importa lo po\u00e9tico y hasta lo naif. Es una historia cre\u00edble, llevada hasta el final con pu\u00f1o del que sabe lo que quiere. Casi una historia de ciencia ficci\u00f3n que en vez de ir hacia el futuro nos transporta a los a\u00f1os 20 y nos hace sonre\u00edr, lagrimear, re\u00edr, y adentrarnos en un mundo perdido ya para siempre, como el de Jur\u00e1sico, pero sin animales prehist\u00f3ricos, donde la sonrisa emblem\u00e1tica de Jean Dujardin, y las miradas de B\u00e9r\u00e9nice Bejo llenan la pantalla.<\/span><\/p>\n<\/p>\n<p><span class=\"text1noticias\">El pasado Festival de Cine de Cannes se rindi\u00f3 a los pies de una de las m\u00e1s originales propuestas, que acaba de ganar tres de las seis nominaciones de los Globos de Oro y otros 12 premios en otros festivales; y esto tiene un significado esencialmente cultural, m\u00e1s all\u00e1 de lo comercial que beneficie a la pel\u00edcula. Realizar a estas alturas del desarrollo tecnol\u00f3gico del cine una pel\u00edcula muda, en blanco y negro, y lograr la fascinaci\u00f3n, es una heroicidad; en buena lid un homenaje a los or\u00edgenes, que nos sorprende por lo entretenida.<\/span><\/p>\n<\/p>\n<p><span class=\"text1noticias\">En este tipo de filmes, la m\u00fasica es protagonista, y gracias al talento de Ludovic Burce y luego a la labor del director, se logra el necesario equilibrio entre actuaci\u00f3n y trasfondo sonoro.<\/span><\/p>\n<\/p>\n<p><span class=\"text1noticias\">Hac\u00eda mucha falta, a las personas de todas las edades y profesiones, una pel\u00edcula como \u00abEl Artista\u00bb que nos recordara qu\u00e9 cosa es, en verdad, hacer Cine<\/span>.<\/p>\n<h6> 2012-01-17 21:20:03 <\/h6>\n<p><!--\n<link rel=\"stylesheet\" href=\"css\/bootstrap.min.css\">\n\n\n<ul class=\"pagination\">\n\t    \n\t\n\n<li >\n\t<a href='?page_no=18150'>Previous<\/a>\n\t<\/li>\n\n\n       \n    \n\n<li><a href='?page_no=1'>1<\/a><\/li>\n\n\n\n<li><a href='?page_no=2'>2<\/a><\/li>\n\n\n\n<li><a>...<\/a><\/li>\n\n\n\n<li><a href='?page_no=18149'>18149<\/a><\/li>\n\n\n\n<li><a href='?page_no=18150'>18150<\/a><\/li>\n\n\n\n<li class='active'><a>18151<\/a><\/li>\n\n\n\n<li><a href='?page_no=18152'>18152<\/a><\/li>\n\n\n\n<li><a href='?page_no=18153'>18153<\/a><\/li>\n\n\n\n<li><a>...<\/a><\/li>\n\n\n\n<li><a href='?page_no=22911'>22911<\/a><\/li>\n\n\n\n<li><a href='?page_no=22912'>22912<\/a><\/li>\n\n    \n\t\n\n<li >\n\t<a href='?page_no=18152'>Next<\/a>\n\t<\/li>\n\n\n    \n\n<li><a href='?page_no=22912'>Last &rsaquo;&rsaquo;<\/a><\/li>\n\n<\/ul>\n\n\n--><br \/>\n<\/body><\/p>\n","protected":false},"excerpt":{"rendered":"<p>Santo Domingo, RD, 17 enero.- \u00abThe Artist\u00bb(El Artista), del realizador franc\u00e9s Michel Hazanavicius (de ascendencia lituana), es una pel\u00edcula art dec\u00f3, estructurada -ojo, cineastas- sobre una historia C-I-N-E-M-A-T-O-G-R-\u00c1-F-I-C-A, en su estado m\u00e1s puro. No importa lo po\u00e9tico y hasta lo naif. Es una historia cre\u00edble, llevada hasta el final con pu\u00f1o del que sabe lo [&hellip;]<\/p>\n","protected":false},"author":3,"featured_media":0,"comment_status":"open","ping_status":"open","sticky":false,"template":"","format":"standard","meta":{"footnotes":""},"categories":[21],"tags":[],"class_list":["post-66473","post","type-post","status-publish","format-standard","hentry","category-cultura"],"_links":{"self":[{"href":"https:\/\/diariodominicano.com\/index.php?rest_route=\/wp\/v2\/posts\/66473","targetHints":{"allow":["GET"]}}],"collection":[{"href":"https:\/\/diariodominicano.com\/index.php?rest_route=\/wp\/v2\/posts"}],"about":[{"href":"https:\/\/diariodominicano.com\/index.php?rest_route=\/wp\/v2\/types\/post"}],"author":[{"embeddable":true,"href":"https:\/\/diariodominicano.com\/index.php?rest_route=\/wp\/v2\/users\/3"}],"replies":[{"embeddable":true,"href":"https:\/\/diariodominicano.com\/index.php?rest_route=%2Fwp%2Fv2%2Fcomments&post=66473"}],"version-history":[{"count":0,"href":"https:\/\/diariodominicano.com\/index.php?rest_route=\/wp\/v2\/posts\/66473\/revisions"}],"wp:attachment":[{"href":"https:\/\/diariodominicano.com\/index.php?rest_route=%2Fwp%2Fv2%2Fmedia&parent=66473"}],"wp:term":[{"taxonomy":"category","embeddable":true,"href":"https:\/\/diariodominicano.com\/index.php?rest_route=%2Fwp%2Fv2%2Fcategories&post=66473"},{"taxonomy":"post_tag","embeddable":true,"href":"https:\/\/diariodominicano.com\/index.php?rest_route=%2Fwp%2Fv2%2Ftags&post=66473"}],"curies":[{"name":"wp","href":"https:\/\/api.w.org\/{rel}","templated":true}]}}