{"id":66472,"date":"2012-01-17T21:53:32","date_gmt":"2012-01-17T21:53:32","guid":{"rendered":"http:\/\/diariodominicano.ddns.net\/?p=66472"},"modified":"2012-01-17T21:53:32","modified_gmt":"2012-01-17T21:53:32","slug":"celebrara-nicaragua-natalicio-de-ruben-dario","status":"publish","type":"post","link":"https:\/\/diariodominicano.com\/?p=66472","title":{"rendered":"Celebrar\u00e1 Nicaragua natalicio de Rub\u00e9n Dar\u00edo"},"content":{"rendered":"<p><body><\/p>\n<p><span class=\"text1noticias\">Managua, Nicaragua, 17 enero.- Nicaragua iniciar\u00e1 este mi\u00e9rcoles las celebraciones por el 145 aniversario del natalicio de su poeta Rub\u00e9n Dar\u00edo (1867-1916), con una ceremonia oficial, ponencias sobre su legado y actos culturales que durar\u00e1n una semana, inform\u00f3 este martes una fuente oficial.<\/span><\/p>\n<\/p>\n<p><span class=\"text1noticias\">Los festejos arrancar\u00e1n con un acto solemne en el Congreso, en Managua, y la colocaci\u00f3n de una ofrenda floral en su tumba, en la Catedral de la ciudad de Le\u00f3n, por parte del obispo Bosco Vivas, anunci\u00f3 el Instituto Nicarag\u00fcense de Cultura (INC).<\/span><\/p>\n<\/p>\n<p><span class=\"text1noticias\">Los homenajes se centrar\u00e1n en Le\u00f3n, donde destacados intelectuales nacionales y extranjeros expondr\u00e1n sobre su legado y sus principales obras: Azul (1888), Prosas Profanas (1896), Cantos de Vida y Esperanza (1905) y su ideario pol\u00edtico y social.<\/span><\/p>\n<\/p>\n<p><span class=\"text1noticias\">La jornada dariana, el 18 de enero, incluir\u00e1 recitales de poes\u00eda y una noche de canto y m\u00fasica en la plaza central, ubicada frente a la catedral de Le\u00f3n.<\/span><\/p>\n<\/p>\n<p><span class=\"text1noticias\">Dar\u00edo fue \u00abel gran renovador de la lengua espa\u00f1ola\u00bb, iniciador de \u00abtodo un movimiento de renovaci\u00f3n de las letras y la literatura, que se denomin\u00f3 Modernismo\u00bb y cuyo \u00ablegado a\u00fan sigue vigente\u00bb, afirm\u00f3 el jurista, escritor y estudioso de sus obras, Carlos Tunnermann.<\/span><\/p>\n<\/p>\n<p><span class=\"text1noticias\">Dar\u00edo naci\u00f3 en 1867 en ciudad Dar\u00edo, vivi\u00f3 su ni\u00f1ez en Le\u00f3n y a los 15 a\u00f1os se traslad\u00f3 a Managua, donde pasaba horas leyendo las obras de cl\u00e1sicos franceses en la \u00fanica biblioteca que hab\u00eda entonces en la capital.<\/span><\/p>\n<\/p>\n<p><span class=\"text1noticias\">Fue un hombre \u00abcon ideas progresistas, liberales\u00bb y un autodidacta que se firm\u00f3 bajo la influencia de la literatura francesa, subray\u00f3 Tunnerman.<\/span><\/p>\n<\/p>\n<p><span class=\"text1noticias\">Defendi\u00f3 la unidad centroamericana en el poema \u00abNicaragua y sus hermanas\u00bb y en varios de sus escritos expres\u00f3 una profunda preocupaci\u00f3n por su tierra natal.<\/span><\/p>\n<\/p>\n<p><span class=\"text1noticias\">Encabez\u00f3 movimientos literarios en Chile y Argentina, as\u00ed como en Espa\u00f1a y Nicaragua.<\/span><\/p>\n<\/p>\n<p><span class=\"text1noticias\">El poeta franc\u00e9s Paul Fort lo bautiz\u00f3 en 1912 como el \u00abpr\u00edncipe\u00bb de las letras castellanas, en reconocimiento a sus obras, mientras que el argentino Jorge Luis Borges lo llam\u00f3 \u00abEl Libertador\u00bb, porque \u00ablibr\u00f3 al espa\u00f1ol de las ataduras de la poes\u00eda cl\u00e1sica\u00bb, dijo Tunnermann<\/span>.<\/p>\n<h6> 2012-01-17 21:53:32 <\/h6>\n<p><!--\n<link rel=\"stylesheet\" href=\"css\/bootstrap.min.css\">\n\n\n<ul class=\"pagination\">\n\t    \n\t\n\n<li >\n\t<a href='?page_no=18149'>Previous<\/a>\n\t<\/li>\n\n\n       \n    \n\n<li><a href='?page_no=1'>1<\/a><\/li>\n\n\n\n<li><a href='?page_no=2'>2<\/a><\/li>\n\n\n\n<li><a>...<\/a><\/li>\n\n\n\n<li><a href='?page_no=18148'>18148<\/a><\/li>\n\n\n\n<li><a href='?page_no=18149'>18149<\/a><\/li>\n\n\n\n<li class='active'><a>18150<\/a><\/li>\n\n\n\n<li><a href='?page_no=18151'>18151<\/a><\/li>\n\n\n\n<li><a href='?page_no=18152'>18152<\/a><\/li>\n\n\n\n<li><a>...<\/a><\/li>\n\n\n\n<li><a href='?page_no=22911'>22911<\/a><\/li>\n\n\n\n<li><a href='?page_no=22912'>22912<\/a><\/li>\n\n    \n\t\n\n<li >\n\t<a href='?page_no=18151'>Next<\/a>\n\t<\/li>\n\n\n    \n\n<li><a href='?page_no=22912'>Last &rsaquo;&rsaquo;<\/a><\/li>\n\n<\/ul>\n\n\n--><br \/>\n<\/body><\/p>\n","protected":false},"excerpt":{"rendered":"<p>Managua, Nicaragua, 17 enero.- Nicaragua iniciar\u00e1 este mi\u00e9rcoles las celebraciones por el 145 aniversario del natalicio de su poeta Rub\u00e9n Dar\u00edo (1867-1916), con una ceremonia oficial, ponencias sobre su legado y actos culturales que durar\u00e1n una semana, inform\u00f3 este martes una fuente oficial. Los festejos arrancar\u00e1n con un acto solemne en el Congreso, en Managua, [&hellip;]<\/p>\n","protected":false},"author":3,"featured_media":0,"comment_status":"open","ping_status":"open","sticky":false,"template":"","format":"standard","meta":{"footnotes":""},"categories":[21],"tags":[],"class_list":["post-66472","post","type-post","status-publish","format-standard","hentry","category-cultura"],"_links":{"self":[{"href":"https:\/\/diariodominicano.com\/index.php?rest_route=\/wp\/v2\/posts\/66472","targetHints":{"allow":["GET"]}}],"collection":[{"href":"https:\/\/diariodominicano.com\/index.php?rest_route=\/wp\/v2\/posts"}],"about":[{"href":"https:\/\/diariodominicano.com\/index.php?rest_route=\/wp\/v2\/types\/post"}],"author":[{"embeddable":true,"href":"https:\/\/diariodominicano.com\/index.php?rest_route=\/wp\/v2\/users\/3"}],"replies":[{"embeddable":true,"href":"https:\/\/diariodominicano.com\/index.php?rest_route=%2Fwp%2Fv2%2Fcomments&post=66472"}],"version-history":[{"count":0,"href":"https:\/\/diariodominicano.com\/index.php?rest_route=\/wp\/v2\/posts\/66472\/revisions"}],"wp:attachment":[{"href":"https:\/\/diariodominicano.com\/index.php?rest_route=%2Fwp%2Fv2%2Fmedia&parent=66472"}],"wp:term":[{"taxonomy":"category","embeddable":true,"href":"https:\/\/diariodominicano.com\/index.php?rest_route=%2Fwp%2Fv2%2Fcategories&post=66472"},{"taxonomy":"post_tag","embeddable":true,"href":"https:\/\/diariodominicano.com\/index.php?rest_route=%2Fwp%2Fv2%2Ftags&post=66472"}],"curies":[{"name":"wp","href":"https:\/\/api.w.org\/{rel}","templated":true}]}}