{"id":664717,"date":"2026-02-10T15:29:36","date_gmt":"2026-02-10T19:29:36","guid":{"rendered":"https:\/\/diariodominicano.com\/?p=664717"},"modified":"2026-02-10T15:30:23","modified_gmt":"2026-02-10T19:30:23","slug":"embajador-ruso-valora-tratado-estrategico-y-cooperacion-con-venezuela","status":"publish","type":"post","link":"https:\/\/diariodominicano.com\/?p=664717","title":{"rendered":"Embajador ruso valora tratado estrat\u00e9gico y cooperaci\u00f3n con Venezuela"},"content":{"rendered":"\n<p>Caracas, 10 feb (Prensa Latina) El embajador de Rusia en Caracas, Sergey M\u00e9lik-Bagdas\u00e1rov, afirm\u00f3 hoy que las relaciones de su pa\u00eds con Venezuela est\u00e1n sustentadas en la s\u00f3lida base jur\u00eddica del Tratado de la Asociaci\u00f3n Estrat\u00e9gica y Cooperaci\u00f3n.<\/p>\n\n\n\n<ul class=\"wp-block-list\">\n<li><a href=\"https:\/\/www.prensa-latina.cu\/2026\/02\/10\/\"><time>febrero 10, 2026 | 09:09<\/time><\/a><\/li>\n<\/ul>\n\n\n\n<ul class=\"wp-block-list\">\n<li><a href=\"https:\/\/www.prensa-latina.cu\/2026\/02\/10\/embajador-ruso-valora-tratado-estrategico-y-cooperacion-con-venezuela\/#\"><\/a><\/li>\n\n\n\n<li><a href=\"https:\/\/www.prensa-latina.cu\/2026\/02\/10\/embajador-ruso-valora-tratado-estrategico-y-cooperacion-con-venezuela\/#\"><\/a><\/li>\n\n\n\n<li><a href=\"https:\/\/www.prensa-latina.cu\/2026\/02\/10\/embajador-ruso-valora-tratado-estrategico-y-cooperacion-con-venezuela\/#\"><\/a><\/li>\n\n\n\n<li><a href=\"https:\/\/www.prensa-latina.cu\/2026\/02\/10\/embajador-ruso-valora-tratado-estrategico-y-cooperacion-con-venezuela\/#\"><\/a><\/li>\n<\/ul>\n\n\n\n<p>En art\u00edculo publicado en la prensa local, a prop\u00f3sito del D\u00eda del Diplom\u00e1tico ruso, el plenipotenciario expres\u00f3 que ese pacto entr\u00f3 en vigencia el 7 de noviembre del pasado a\u00f1o y consta de 350 instrumentos jur\u00eddicos en diferentes esferas.<\/p>\n\n\n\n<p>Subray\u00f3 que se trata de \u201cuna filosof\u00eda com\u00fan de pol\u00edtica exterior encaminada a afirmar y defender la soberan\u00eda nacional y a mantener un equilibrio de intereses en las relaciones internacionales\u201d.<\/p>\n\n\n\n<figure class=\"wp-block-image\"><img decoding=\"async\" src=\"https:\/\/www.prensa-latina.cu\/wp-content\/uploads\/2026\/02\/Putin-y-Maduro-acuerdo-entre-Rusia-y-Venezuela.jpg\" alt=\"\" class=\"wp-image-1705808\"\/><\/figure>\n\n\n\n<p>M\u00e9lik-Bagdas\u00e1rov resalt\u00f3 que Mosc\u00fa y Caracas \u201cest\u00e1n firmemente comprometidos con la creaci\u00f3n de un orden mundial pluric\u00e9ntrico m\u00e1s justo\u201d, basado en su totalidad en los principios de la Carta de las Naciones Unidas.<\/p>\n\n\n\n<p>Asimismo, a\u00f1adi\u00f3, en la interrelaci\u00f3n y en el derecho de los pueblos del mundo a \u201cdeterminar por s\u00ed mismos las v\u00edas y los modelos de desarrollo pol\u00edtico, social y econ\u00f3mico\u201d.<\/p>\n\n\n\n<p>El embajador eslavo valor\u00f3 que uno de los focos de los esfuerzos de la diplomacia rusa es la \u201clucha contra cualquier pr\u00e1ctica neocolonialista: desde medidas coercitivas unilaterales hasta intervenciones militares\u201d.<\/p>\n\n\n\n<p>Record\u00f3 que, en este contexto, la Rep\u00fablica Bolivariana \u201cest\u00e1 sufriendo un golpe sin precedentes\u201d.<\/p>\n\n\n\n<p>A juicio del diplom\u00e1tico, la agresi\u00f3n militar de Estados Unidos a Venezuela el pasado 3 de enero, \u201cconstituye una grave violaci\u00f3n de toda una serie de normas del derecho internacional\u201d.<\/p>\n\n\n\n<p>Mencion\u00f3 entre ellas, las inmunidades personales de los jefes de Estado; la prohibici\u00f3n del uso de la fuerza; la violaci\u00f3n de la integridad territorial del Estado y la injerencia en sus asuntos internos; la restricci\u00f3n del derecho de los pueblos a la libre determinaci\u00f3n y la igualdad de derechos.<\/p>\n\n\n\n<p>El embajador ruso celebr\u00f3 los \u201cesfuerzos realizados por las autoridades oficiales\u201d venezolanas para proteger la soberan\u00eda estatal y los intereses nacionales, a la par de manifestar la disposici\u00f3n a prestar el \u201capoyo necesario a la amiga Venezuela\u201d.<\/p>\n\n\n\n<p>Formul\u00f3 que, aunque la relaci\u00f3n contempor\u00e1nea entre Caracas y Mosc\u00fa se consolid\u00f3 en las \u00faltimas d\u00e9cadas, los contactos entre ambos pueblos se remontan a 240 a\u00f1os, cuando el pr\u00f3cer Francisco de Miranda lleg\u00f3 al Imperio Ruso en 1786 y la emperatriz Catalina II de Rusia le concedi\u00f3 el grado de coronel en el ej\u00e9rcito ruso.<\/p>\n\n\n\n<p>Al conmemorar el D\u00eda del Diplom\u00e1tico, M\u00e9lik-Bagdas\u00e1rov asegur\u00f3 que la diplomacia rusa \u201csigue haciendo todo lo que est\u00e1 en su mano para garantizar unas condiciones externas seguras y favorables para un progreso constante en las relaciones con otros Estados\u201d y con una pol\u00edtica exterior coherente y equilibrada.<\/p>\n\n\n\n<p>mem\/jcd<\/p>\n\n\n\n<ul class=\"wp-block-list\">\n<li>#<a href=\"https:\/\/www.prensa-latina.cu\/etiqueta\/eeuu\/\">eeuu<\/a>\u00a0#<a href=\"https:\/\/www.prensa-latina.cu\/etiqueta\/embajador\/\">embajador<\/a>\u00a0#<a href=\"https:\/\/www.prensa-latina.cu\/etiqueta\/onu\/\">ONU<\/a>\u00a0#<a href=\"https:\/\/www.prensa-latina.cu\/etiqueta\/rusia\/\">Rusia<\/a>\u00a0#<a href=\"https:\/\/www.prensa-latina.cu\/etiqueta\/venezuela\/\">Venezuela<\/a><\/li>\n<\/ul>\n","protected":false},"excerpt":{"rendered":"<p>Caracas, 10 feb (Prensa Latina) El embajador de Rusia en Caracas, Sergey M\u00e9lik-Bagdas\u00e1rov, afirm\u00f3 hoy que las relaciones de su pa\u00eds con Venezuela est\u00e1n sustentadas en la s\u00f3lida base jur\u00eddica del Tratado de la Asociaci\u00f3n Estrat\u00e9gica y Cooperaci\u00f3n. En art\u00edculo publicado en la prensa local, a prop\u00f3sito del D\u00eda del Diplom\u00e1tico ruso, el plenipotenciario expres\u00f3 [&hellip;]<\/p>\n","protected":false},"author":2,"featured_media":664718,"comment_status":"open","ping_status":"closed","sticky":false,"template":"","format":"standard","meta":{"footnotes":""},"categories":[23],"tags":[3560],"class_list":["post-664717","post","type-post","status-publish","format-standard","has-post-thumbnail","hentry","category-internacional","tag-rusia"],"_links":{"self":[{"href":"https:\/\/diariodominicano.com\/index.php?rest_route=\/wp\/v2\/posts\/664717","targetHints":{"allow":["GET"]}}],"collection":[{"href":"https:\/\/diariodominicano.com\/index.php?rest_route=\/wp\/v2\/posts"}],"about":[{"href":"https:\/\/diariodominicano.com\/index.php?rest_route=\/wp\/v2\/types\/post"}],"author":[{"embeddable":true,"href":"https:\/\/diariodominicano.com\/index.php?rest_route=\/wp\/v2\/users\/2"}],"replies":[{"embeddable":true,"href":"https:\/\/diariodominicano.com\/index.php?rest_route=%2Fwp%2Fv2%2Fcomments&post=664717"}],"version-history":[{"count":1,"href":"https:\/\/diariodominicano.com\/index.php?rest_route=\/wp\/v2\/posts\/664717\/revisions"}],"predecessor-version":[{"id":664719,"href":"https:\/\/diariodominicano.com\/index.php?rest_route=\/wp\/v2\/posts\/664717\/revisions\/664719"}],"wp:featuredmedia":[{"embeddable":true,"href":"https:\/\/diariodominicano.com\/index.php?rest_route=\/wp\/v2\/media\/664718"}],"wp:attachment":[{"href":"https:\/\/diariodominicano.com\/index.php?rest_route=%2Fwp%2Fv2%2Fmedia&parent=664717"}],"wp:term":[{"taxonomy":"category","embeddable":true,"href":"https:\/\/diariodominicano.com\/index.php?rest_route=%2Fwp%2Fv2%2Fcategories&post=664717"},{"taxonomy":"post_tag","embeddable":true,"href":"https:\/\/diariodominicano.com\/index.php?rest_route=%2Fwp%2Fv2%2Ftags&post=664717"}],"curies":[{"name":"wp","href":"https:\/\/api.w.org\/{rel}","templated":true}]}}