{"id":66470,"date":"2012-01-18T12:30:58","date_gmt":"2012-01-18T12:30:58","guid":{"rendered":"http:\/\/diariodominicano.ddns.net\/?p=66470"},"modified":"2012-01-18T12:30:58","modified_gmt":"2012-01-18T12:30:58","slug":"el-festival-internacional-de-jazz-se-presentara-tambien-en-les-cayes","status":"publish","type":"post","link":"https:\/\/diariodominicano.com\/?p=66470","title":{"rendered":"El Festival Internacional de Jazz se presentar\u00e1 tambi\u00e9n en \u00abLes Cayes\u00bb"},"content":{"rendered":"<p><body><\/p>\n<p><img decoding=\"async\" src=\"img3\/RafelitoMirabaly PauPJazzFestival.JPG\" \/><br \/><img decoding=\"async\" src=\"img3\/PAP Jazz 2012  Afiche.JPG\" \/>  <\/p>\n<p><span class=\"text1noticias\">Por Jean Gary Apollon<\/span><\/p>\n<\/p>\n<p><span class=\"text1noticias\">Santo Domingo, 18 enero 2012.-   En ocasi\u00f3n de la sexta edici\u00f3n del Festival Internacional de Jazz<\/span><\/p>\n<p><span class=\"text1noticias\">de Puerto-Pr\u00edncipe los organizadores lanzar\u00e1n giras en las ciudades de provincias.<\/span><\/p>\n<\/p>\n<p><span class=\"text1noticias\">El principal organizador del acontecimiento, Jo\u00ebl Widmaier, garantiza la elecci\u00f3n de \u00abCayes\u00bb (Sur), de ninguna manera se vincula los Carnavales Nacional que tendr\u00e1n lugar en la metr\u00f3polis del sur.<\/span><\/p>\n<\/p>\n<p><span class=\"text1noticias\">Los organizadores hab\u00edan hecho la elecci\u00f3n de Cayes para acoger algunos espect\u00e1culos desde julio de 2011 insisten los m\u00fasicos haitianos, tales como Turgot Th\u00e9odat y ClaudeCarr\u00e9 ofrecer\u00e1n espect\u00e1culos en la primera tarde en Cayes, preciso el Sr. Widmaier.<\/span><\/p>\n<\/p>\n<p><span class=\"text1noticias\">El planteamiento se inscribe en el marco de un esfuerzo de descentralizaci\u00f3n, explica al Sr. Widmaier que pone el acento sobre la necesidad de hacer la promoci\u00f3n del jazz en las ciudades de provincias.<\/span><\/p>\n<\/p>\n<p><span class=\"text1noticias\">Las 5 primeras ediciones del Festival se desenrollaban solamente en los municipios de la regi\u00f3n metropolitana, tales como Puerto-Pr\u00edncipe, P\u00e9tion Ville, Delmas y Tabarre.<\/span><\/p>\n<\/p>\n<p><span class=\"text1noticias\">10 pa\u00edses cuya Rep\u00fablica Dominicana se representar\u00e1 a esta sexta edici\u00f3n del Festival Internacional de Puerto-Prince. Los tradicionales talleres para los m\u00fasicos se organizar\u00e1n en Fokal (fundaci\u00f3n de arte).<\/span><\/p>\n<\/p>\n<p><span class=\"text1noticias\">El Sr. Widma\u00efer se alegra del \u00e9xito de estos talleres y anima a los j\u00f3venes m\u00fasicos a participar activamente. Los intercambios con los m\u00fasicos de jazz son muy rentables, insiste invitando a los m\u00fasicos de otros ritmos a participar en estas actividades.<\/span><\/p>\n<\/p>\n<p><span class=\"text1noticias\">Durante una semana m\u00e1s de 20 grupos realizar\u00e1n presentaciones incluidos varios conciertos gratuitos in situ. El Ministerio de Cultura y las representaciones diplom\u00e1ticas de varios pa\u00edses cuyo Alemania, Francia, los Estados Unidos, Brasil, Espa\u00f1a y Canad\u00e1 prestan un apoyo al festival internacional de jazz de Puerto Pr\u00edncipe<\/span>.<\/p>\n<h6> 2012-01-18 12:30:58 <\/h6>\n<p><!--\n<link rel=\"stylesheet\" href=\"css\/bootstrap.min.css\">\n\n\n<ul class=\"pagination\">\n\t    \n\t\n\n<li >\n\t<a href='?page_no=18147'>Previous<\/a>\n\t<\/li>\n\n\n       \n    \n\n<li><a href='?page_no=1'>1<\/a><\/li>\n\n\n\n<li><a href='?page_no=2'>2<\/a><\/li>\n\n\n\n<li><a>...<\/a><\/li>\n\n\n\n<li><a href='?page_no=18146'>18146<\/a><\/li>\n\n\n\n<li><a href='?page_no=18147'>18147<\/a><\/li>\n\n\n\n<li class='active'><a>18148<\/a><\/li>\n\n\n\n<li><a href='?page_no=18149'>18149<\/a><\/li>\n\n\n\n<li><a href='?page_no=18150'>18150<\/a><\/li>\n\n\n\n<li><a>...<\/a><\/li>\n\n\n\n<li><a href='?page_no=22911'>22911<\/a><\/li>\n\n\n\n<li><a href='?page_no=22912'>22912<\/a><\/li>\n\n    \n\t\n\n<li >\n\t<a href='?page_no=18149'>Next<\/a>\n\t<\/li>\n\n\n    \n\n<li><a href='?page_no=22912'>Last &rsaquo;&rsaquo;<\/a><\/li>\n\n<\/ul>\n\n\n--><br \/>\n<\/body><\/p>\n","protected":false},"excerpt":{"rendered":"<p>Por Jean Gary Apollon Santo Domingo, 18 enero 2012.- En ocasi\u00f3n de la sexta edici\u00f3n del Festival Internacional de Jazz de Puerto-Pr\u00edncipe los organizadores lanzar\u00e1n giras en las ciudades de provincias. El principal organizador del acontecimiento, Jo\u00ebl Widmaier, garantiza la elecci\u00f3n de \u00abCayes\u00bb (Sur), de ninguna manera se vincula los Carnavales Nacional que tendr\u00e1n lugar [&hellip;]<\/p>\n","protected":false},"author":3,"featured_media":0,"comment_status":"open","ping_status":"open","sticky":false,"template":"","format":"standard","meta":{"footnotes":""},"categories":[21],"tags":[],"class_list":["post-66470","post","type-post","status-publish","format-standard","hentry","category-cultura"],"_links":{"self":[{"href":"https:\/\/diariodominicano.com\/index.php?rest_route=\/wp\/v2\/posts\/66470","targetHints":{"allow":["GET"]}}],"collection":[{"href":"https:\/\/diariodominicano.com\/index.php?rest_route=\/wp\/v2\/posts"}],"about":[{"href":"https:\/\/diariodominicano.com\/index.php?rest_route=\/wp\/v2\/types\/post"}],"author":[{"embeddable":true,"href":"https:\/\/diariodominicano.com\/index.php?rest_route=\/wp\/v2\/users\/3"}],"replies":[{"embeddable":true,"href":"https:\/\/diariodominicano.com\/index.php?rest_route=%2Fwp%2Fv2%2Fcomments&post=66470"}],"version-history":[{"count":0,"href":"https:\/\/diariodominicano.com\/index.php?rest_route=\/wp\/v2\/posts\/66470\/revisions"}],"wp:attachment":[{"href":"https:\/\/diariodominicano.com\/index.php?rest_route=%2Fwp%2Fv2%2Fmedia&parent=66470"}],"wp:term":[{"taxonomy":"category","embeddable":true,"href":"https:\/\/diariodominicano.com\/index.php?rest_route=%2Fwp%2Fv2%2Fcategories&post=66470"},{"taxonomy":"post_tag","embeddable":true,"href":"https:\/\/diariodominicano.com\/index.php?rest_route=%2Fwp%2Fv2%2Ftags&post=66470"}],"curies":[{"name":"wp","href":"https:\/\/api.w.org\/{rel}","templated":true}]}}