{"id":66469,"date":"2012-01-18T13:27:42","date_gmt":"2012-01-18T13:27:42","guid":{"rendered":"http:\/\/diariodominicano.ddns.net\/?p=66469"},"modified":"2012-01-18T13:27:42","modified_gmt":"2012-01-18T13:27:42","slug":"califican-al-premio-casa-como-referente-de-dignidad","status":"publish","type":"post","link":"https:\/\/diariodominicano.com\/?p=66469","title":{"rendered":"Califican al Premio Casa como referente de dignidad"},"content":{"rendered":"<p><body><\/p>\n<p><img decoding=\"async\" src=\"img3\/cul cartel casa 2012.jpg\" \/>  <\/p>\n<p><span class=\"text1noticias\">Por Francisco G. Navarro<\/span><\/p>\n<\/p>\n<p><span class=\"text1noticias\">Cienfuegos, Cuba, 18 ene (PL).-  El narrador dominicano Avelino Stanley (La Romana, 1959) calific\u00f3 hoy al Premio Literario Casa de las Am\u00e9ricas, de cuyo jurado forma parte, como un referente en su \u00e1mbito y portador de mucha dignidad.<\/span><\/p>\n<\/p>\n<p><span class=\"text1noticias\">Stanley declar\u00f3 a Prensa Latina que integrar el equipo encargado de otorgar los galardones de esta edici\u00f3n (53) del evento representa tanto como haber ganado el concurso, al cual present\u00f3 sus obras en dos ocasiones anteriores.<\/span><\/p>\n<\/p>\n<p><span class=\"text1noticias\">Para muchos latinoamericanos de mi generaci\u00f3n el Premio Casa siempre estuvo muy vinculado a esa visi\u00f3n original que ten\u00edamos de la Cuba decidida a enrumbar sus destinos por un sendero distinto al marcado para los dem\u00e1s pueblos de la regi\u00f3n, coment\u00f3 el autor de la laureada novela Tiempo muerto (1998).<\/span><\/p>\n<\/p>\n<p><span class=\"text1noticias\">Con el paso del tiempo el Casa se ha convertido no solo en un patrimonio de Cuba, lo es tambi\u00e9n de toda la Am\u00e9rica Latina, agreg\u00f3 el ganador del Premio Nacional de Novela en su pa\u00eds con el libro antes citado.<\/span><\/p>\n<\/p>\n<p><span class=\"text1noticias\">Acerca de la literatura para ni\u00f1os y j\u00f3venes, de cuyo jurado participa, el creador de novelas dirigidas a ese p\u00fablico como \u00abLa ciguapa encantada por la luna\u00bb y \u00abChichiguas que me llevan a las nubes\u00bb, coment\u00f3 que en su caso ese ejercicio est\u00e1 enfocado a la necesidad de lograr una verdadera transformaci\u00f3n en el seno de la juventud.<\/span><\/p>\n<\/p>\n<p><span class=\"text1noticias\">Este mundo de hoy no puede continuar como va y ya no va a ser reformado por nosotros, sino por los j\u00f3venes y, por eso, ahora tambi\u00e9n estoy escribiendo para ellos, argument\u00f3 el intelectual quisqueyano graduado como economista por la Universidad Aut\u00f3noma de Santo Domingo.<\/span><\/p>\n<\/p>\n<p><span class=\"text1noticias\">A su producci\u00f3n novel\u00edstica, que incluye adem\u00e1s t\u00edtulos como Equis, Catedral de la libido y Al fin del mundo me ir\u00e9, sumar\u00e1 en breve un nuevo texto relacionado con la problem\u00e1tica actual entre la Rep\u00fablica Dominicana y Hait\u00ed.<\/span><\/p>\n<\/p>\n<p><span class=\"text1noticias\">Al igual que Tiempo muerto, la obra se desarrolla en el entorno de la industria azucarera y, seg\u00fan su autor, resulta imposible comprender los actuales procesos (geopol\u00edticos en la antigua isla de La Espa\u00f1ola) sin volver la vista al pasado y sobre todo hacia el trasfondo de la situaci\u00f3n.<\/span><\/p>\n<\/p>\n<p><span class=\"text1noticias\">Junto a Avelino Stanley forman el jurado del Premio Casa\u00e2?\u00d62012 en literatura infanto-juvenil la ecuatoriana Leonor Bravo, el \u00edtalo-espa\u00f1ol Carlo Frabetti, la boliviana Liliana de la Quintana y el cubano Nelson Santos<\/span>.<\/p>\n<h6> 2012-01-18 13:27:42 <\/h6>\n<p><!--\n<link rel=\"stylesheet\" href=\"css\/bootstrap.min.css\">\n\n\n<ul class=\"pagination\">\n\t    \n\t\n\n<li >\n\t<a href='?page_no=18146'>Previous<\/a>\n\t<\/li>\n\n\n       \n    \n\n<li><a href='?page_no=1'>1<\/a><\/li>\n\n\n\n<li><a href='?page_no=2'>2<\/a><\/li>\n\n\n\n<li><a>...<\/a><\/li>\n\n\n\n<li><a href='?page_no=18145'>18145<\/a><\/li>\n\n\n\n<li><a href='?page_no=18146'>18146<\/a><\/li>\n\n\n\n<li class='active'><a>18147<\/a><\/li>\n\n\n\n<li><a href='?page_no=18148'>18148<\/a><\/li>\n\n\n\n<li><a href='?page_no=18149'>18149<\/a><\/li>\n\n\n\n<li><a>...<\/a><\/li>\n\n\n\n<li><a href='?page_no=22911'>22911<\/a><\/li>\n\n\n\n<li><a href='?page_no=22912'>22912<\/a><\/li>\n\n    \n\t\n\n<li >\n\t<a href='?page_no=18148'>Next<\/a>\n\t<\/li>\n\n\n    \n\n<li><a href='?page_no=22912'>Last &rsaquo;&rsaquo;<\/a><\/li>\n\n<\/ul>\n\n\n--><br \/>\n<\/body><\/p>\n","protected":false},"excerpt":{"rendered":"<p>Por Francisco G. Navarro Cienfuegos, Cuba, 18 ene (PL).- El narrador dominicano Avelino Stanley (La Romana, 1959) calific\u00f3 hoy al Premio Literario Casa de las Am\u00e9ricas, de cuyo jurado forma parte, como un referente en su \u00e1mbito y portador de mucha dignidad. Stanley declar\u00f3 a Prensa Latina que integrar el equipo encargado de otorgar los [&hellip;]<\/p>\n","protected":false},"author":3,"featured_media":0,"comment_status":"open","ping_status":"open","sticky":false,"template":"","format":"standard","meta":{"footnotes":""},"categories":[21],"tags":[],"class_list":["post-66469","post","type-post","status-publish","format-standard","hentry","category-cultura"],"_links":{"self":[{"href":"https:\/\/diariodominicano.com\/index.php?rest_route=\/wp\/v2\/posts\/66469","targetHints":{"allow":["GET"]}}],"collection":[{"href":"https:\/\/diariodominicano.com\/index.php?rest_route=\/wp\/v2\/posts"}],"about":[{"href":"https:\/\/diariodominicano.com\/index.php?rest_route=\/wp\/v2\/types\/post"}],"author":[{"embeddable":true,"href":"https:\/\/diariodominicano.com\/index.php?rest_route=\/wp\/v2\/users\/3"}],"replies":[{"embeddable":true,"href":"https:\/\/diariodominicano.com\/index.php?rest_route=%2Fwp%2Fv2%2Fcomments&post=66469"}],"version-history":[{"count":0,"href":"https:\/\/diariodominicano.com\/index.php?rest_route=\/wp\/v2\/posts\/66469\/revisions"}],"wp:attachment":[{"href":"https:\/\/diariodominicano.com\/index.php?rest_route=%2Fwp%2Fv2%2Fmedia&parent=66469"}],"wp:term":[{"taxonomy":"category","embeddable":true,"href":"https:\/\/diariodominicano.com\/index.php?rest_route=%2Fwp%2Fv2%2Fcategories&post=66469"},{"taxonomy":"post_tag","embeddable":true,"href":"https:\/\/diariodominicano.com\/index.php?rest_route=%2Fwp%2Fv2%2Ftags&post=66469"}],"curies":[{"name":"wp","href":"https:\/\/api.w.org\/{rel}","templated":true}]}}