{"id":66466,"date":"2012-01-18T15:13:22","date_gmt":"2012-01-18T15:13:22","guid":{"rendered":"http:\/\/diariodominicano.ddns.net\/?p=66466"},"modified":"2012-01-18T15:13:22","modified_gmt":"2012-01-18T15:13:22","slug":"mes-de-la-dominicanidad-en-madrid-cumple-siete-anos-de-celebracion-en-2012","status":"publish","type":"post","link":"https:\/\/diariodominicano.com\/?p=66466","title":{"rendered":"Mes de la Dominicanidad en Madrid cumple siete a\u00f1os de celebraci\u00f3n en 2012"},"content":{"rendered":"<p><body><\/p>\n<p><img decoding=\"async\" src=\"img3\/Frank Bencosme.jpg\" \/>  <\/p>\n<p><span class=\"text1noticias\">Madrid, 18 de Enero del 2012.-  Por s\u00e9ptimo a\u00f1o consecutivo, la comunidad dominicana radicada en Espa\u00f1a se prepara para celebrar el Mes de la Dominicanidad en Madrid, un programa de actividades religiosas, culturales, sociales y deportivas que buscan la conservaci\u00f3n de las ra\u00edces y la promoci\u00f3n de las tradiciones dominicanas.<\/span><\/p>\n<\/p>\n<p><span class=\"text1noticias\">La Embajada Dominicana ante el Reino de Espa\u00f1a y el Consulado General de Rep\u00fablica Dominicana en Madrid nuevamente coordinan unidos la tradicional celebraci\u00f3n, que cada a\u00f1o re\u00fane a miles de dominicanos radicados en Espa\u00f1a y que en esta ocasi\u00f3n homenajear\u00e1 a la mujer dominicana.<\/span><\/p>\n<\/p>\n<p><span class=\"text1noticias\">\u00abUna vez m\u00e1s celebraremos con mucha alegr\u00eda el Mes de la Dominicanidad junto a toda la familia dominicana residente en Madrid y el resto de Espa\u00f1a, una fiesta en la que recordamos y compartimos nuestras costumbres con espa\u00f1oles, latinoamericanos aqu\u00ed radicados y dem\u00e1s inmigrantes\u00bb, expresa Frank Bencosme, C\u00f3nsul General de Rep\u00fablica Dominicana en Madrid.<\/span><\/p>\n<\/p>\n<p><span class=\"text1noticias\">El calendario de eventos de esta conmemoraci\u00f3n inicia el s\u00e1bado 21 de enero con una misa en honor a la Virgen de la Altagracia, seguida del dep\u00f3sito de una ofrenda floral al busto del patricio Juan Pablo Duarte y la realizaci\u00f3n de charlas, conferencias, exposici\u00f3n de cortometrajes dominicanos, concurso de baile y la celebraci\u00f3n del gran Desfile de la Dominicanidad el 26 de febrero.<\/span><\/p>\n<\/p>\n<p><span class=\"text1noticias\">Artistas, asociaciones culturales, deportivas y religiosas, comparsas y carrozas alusivas a destacadas mujeres dominicanas como Concepci\u00f3n Bona, Mar\u00eda Trinidad S\u00e1nchez y Juana Saltitopa participar\u00e1n en este recorrido que se extender\u00e1 desde la glorieta del sector Cuatro Caminos hasta la Plaza de la Remonta, el tramo con mayor concentraci\u00f3n de dominicanos de toda Espa\u00f1a.<\/span><\/p>\n<\/p>\n<p><span class=\"text1noticias\">Para la folklorista Carmen Mota, encargada de cultura del Consulado Dominicano en Madrid y presidenta de la Asociaci\u00f3n de Ayuda Mutua Mar\u00eda Trinidad S\u00e1nchez (AMATRISA), \u00ablo m\u00e1s especial del Mes de la Dominicanidad es que con estos actos los dominicanos mantienen en alto el orgullo de sus or\u00edgenes y comparten su identidad y a\u00f1oranzas de manera muy espont\u00e1nea.<\/span><\/p>\n<\/p>\n<p><span class=\"text1noticias\">Con miras al montaje anual de este programa de actividades, este a\u00f1o se ha conformado La Comisi\u00f3n Permanente del Mes de la Dominicanidad integrado por Frank Bencosme, C\u00f3nsul General Dominicano en Madrid; Manuel Mej\u00eda, asistente principal de Bencosme; V\u00edctor Ram\u00edrez, agregado cultural de La Embajada Dominicana ante el Reino de Espa\u00f1a; Carmen Mota, encargada de cultura de ese consulado; Pedro Salla Torres, presidente de la Asociaci\u00f3n de azuanos en Espa\u00f1a y Noberto Azor, encargado de cultura del Centro Hispano Dominicano.<\/span><\/p>\n<\/p>\n<p><span class=\"text1noticias\">Adem\u00e1s, el Padre Daniel Guerra, Capell\u00e1n del Consulado Dominicano y presidente de la Asociaci\u00f3n Virgen de la Altagracia; Ana Mar\u00eda C\u00e9spedes, presidenta de la Federaci\u00f3n de Asociaciones Dominicanas e Ismael de Pablo, encargado de protocolo y seguridad<\/span>.<\/p>\n<\/p>\n<h6> 2012-01-18 15:13:22 <\/h6>\n<p><!--\n<link rel=\"stylesheet\" href=\"css\/bootstrap.min.css\">\n\n\n<ul class=\"pagination\">\n\t    \n\t\n\n<li >\n\t<a href='?page_no=18143'>Previous<\/a>\n\t<\/li>\n\n\n       \n    \n\n<li><a href='?page_no=1'>1<\/a><\/li>\n\n\n\n<li><a href='?page_no=2'>2<\/a><\/li>\n\n\n\n<li><a>...<\/a><\/li>\n\n\n\n<li><a href='?page_no=18142'>18142<\/a><\/li>\n\n\n\n<li><a href='?page_no=18143'>18143<\/a><\/li>\n\n\n\n<li class='active'><a>18144<\/a><\/li>\n\n\n\n<li><a href='?page_no=18145'>18145<\/a><\/li>\n\n\n\n<li><a href='?page_no=18146'>18146<\/a><\/li>\n\n\n\n<li><a>...<\/a><\/li>\n\n\n\n<li><a href='?page_no=22911'>22911<\/a><\/li>\n\n\n\n<li><a href='?page_no=22912'>22912<\/a><\/li>\n\n    \n\t\n\n<li >\n\t<a href='?page_no=18145'>Next<\/a>\n\t<\/li>\n\n\n    \n\n<li><a href='?page_no=22912'>Last &rsaquo;&rsaquo;<\/a><\/li>\n\n<\/ul>\n\n\n--><br \/>\n<\/body><\/p>\n","protected":false},"excerpt":{"rendered":"<p>Madrid, 18 de Enero del 2012.- Por s\u00e9ptimo a\u00f1o consecutivo, la comunidad dominicana radicada en Espa\u00f1a se prepara para celebrar el Mes de la Dominicanidad en Madrid, un programa de actividades religiosas, culturales, sociales y deportivas que buscan la conservaci\u00f3n de las ra\u00edces y la promoci\u00f3n de las tradiciones dominicanas. La Embajada Dominicana ante el [&hellip;]<\/p>\n","protected":false},"author":3,"featured_media":0,"comment_status":"open","ping_status":"open","sticky":false,"template":"","format":"standard","meta":{"footnotes":""},"categories":[21],"tags":[],"class_list":["post-66466","post","type-post","status-publish","format-standard","hentry","category-cultura"],"_links":{"self":[{"href":"https:\/\/diariodominicano.com\/index.php?rest_route=\/wp\/v2\/posts\/66466","targetHints":{"allow":["GET"]}}],"collection":[{"href":"https:\/\/diariodominicano.com\/index.php?rest_route=\/wp\/v2\/posts"}],"about":[{"href":"https:\/\/diariodominicano.com\/index.php?rest_route=\/wp\/v2\/types\/post"}],"author":[{"embeddable":true,"href":"https:\/\/diariodominicano.com\/index.php?rest_route=\/wp\/v2\/users\/3"}],"replies":[{"embeddable":true,"href":"https:\/\/diariodominicano.com\/index.php?rest_route=%2Fwp%2Fv2%2Fcomments&post=66466"}],"version-history":[{"count":0,"href":"https:\/\/diariodominicano.com\/index.php?rest_route=\/wp\/v2\/posts\/66466\/revisions"}],"wp:attachment":[{"href":"https:\/\/diariodominicano.com\/index.php?rest_route=%2Fwp%2Fv2%2Fmedia&parent=66466"}],"wp:term":[{"taxonomy":"category","embeddable":true,"href":"https:\/\/diariodominicano.com\/index.php?rest_route=%2Fwp%2Fv2%2Fcategories&post=66466"},{"taxonomy":"post_tag","embeddable":true,"href":"https:\/\/diariodominicano.com\/index.php?rest_route=%2Fwp%2Fv2%2Ftags&post=66466"}],"curies":[{"name":"wp","href":"https:\/\/api.w.org\/{rel}","templated":true}]}}