{"id":664637,"date":"2026-02-09T23:28:33","date_gmt":"2026-02-10T03:28:33","guid":{"rendered":"https:\/\/diariodominicano.com\/?p=664637"},"modified":"2026-02-09T23:28:38","modified_gmt":"2026-02-10T03:28:38","slug":"declaracion-conjunta-sobre-la-reunion-de-la-coalicion-global-para-derrotar-a-isis-en-irak-y-siria","status":"publish","type":"post","link":"https:\/\/diariodominicano.com\/?p=664637","title":{"rendered":"Declaraci\u00f3n conjunta sobre la reuni\u00f3n de la Coalici\u00f3n Global para Derrotar a ISIS en Irak y Siria"},"content":{"rendered":"\n<p>Nota de prensa<\/p>\n\n\n\n<p>9 de febrero de 2026<\/p>\n\n\n\n<p>El texto de la siguiente declaraci\u00f3n fue publicado por los Gobiernos de los Estados Unidos y el Reino de Arabia Saudita.<\/p>\n\n\n\n<p><em>Texto inicial:<\/em><\/p>\n\n\n\n<p>El Reino de Arabia Saudita organiz\u00f3 una reuni\u00f3n de altos funcionarios diplom\u00e1ticos y de defensa del Peque\u00f1o Grupo de la Coalici\u00f3n Global para Derrotar a ISIS\/Daesh en Riad el 9 de febrero de 2026. El viceministro de Relaciones Exteriores de Arabia Saudita, Waleed A. Elkhereiji, inaugur\u00f3 la reuni\u00f3n, que fue copresidida por el embajador de Estados Unidos en Turqu\u00eda y enviado especial para Siria, Tom Barrack.<\/p>\n\n\n\n<p>Los participantes expresaron su agradecimiento al Reino de Arabia Saudita por acoger la reuni\u00f3n y por su constante papel de apoyo a los esfuerzos regionales e internacionales para combatir el terrorismo y promover la estabilidad.<\/p>\n\n\n\n<p>Los participantes acogieron con satisfacci\u00f3n el acuerdo integral entre el Gobierno de Siria y las Fuerzas Democr\u00e1ticas Sirias (FDS), que incluye el alto el fuego permanente y las disposiciones para la integraci\u00f3n civil y militar del noreste de Siria. Tomaron nota de la intenci\u00f3n declarada del Gobierno de Siria de asumir el liderazgo nacional en la lucha contra el ISIS y expresaron su reconocimiento por los sacrificios realizados por las FDS en la lucha contra el ISIS\/Daesh. Los participantes tambi\u00e9n agradecieron al Gobierno de Irak su continuo liderazgo en la campa\u00f1a para derrotar al ISIS.<\/p>\n\n\n\n<p>Los participantes reafirmaron sus prioridades, incluyendo el r\u00e1pido traslado y la protecci\u00f3n de los detenidos de ISIS, la repatriaci\u00f3n a terceros pa\u00edses, la reintegraci\u00f3n digna de las familias de los campamentos de al-Hol y Roj a sus comunidades de origen, y la continua coordinaci\u00f3n con Damasco y Bagdad sobre el futuro de la campa\u00f1a \u00abDerrotar a ISIS\u00bb en Siria e Irak. Los participantes dieron la bienvenida al gobierno sirio como el&nbsp;<sup>90.\u00ba<\/sup>&nbsp;miembro de la Coalici\u00f3n D-ISIS. Los miembros de la Coalici\u00f3n subrayaron su disposici\u00f3n a colaborar estrechamente con el gobierno sirio y animaron a los miembros a brindar apoyo directo a los esfuerzos sirios e iraqu\u00edes.<\/p>\n\n\n\n<p>Los funcionarios de defensa de la coalici\u00f3n destacaron la estrecha coordinaci\u00f3n entre las l\u00edneas diplom\u00e1ticas y militares. Los participantes recibieron informaci\u00f3n sobre la actual campa\u00f1a \u00abDerrotar a ISIS\u00bb, incluyendo las operaciones de traslado de detenidos en curso. Los funcionarios elogiaron los esfuerzos de Irak para detener de forma segura a los combatientes de ISIS y acogieron con satisfacci\u00f3n la asunci\u00f3n por parte de Siria de la responsabilidad de los centros de detenci\u00f3n y los campos de desplazados que albergan a los combatientes de ISIS y a sus familiares. Los participantes reiteraron la necesidad de que los pa\u00edses asuman la responsabilidad de repatriar a sus ciudadanos desde Irak y Siria.<\/p>\n\n\n\n<p>Los miembros de la coalici\u00f3n agradecieron a Irak su liderazgo y reconocieron que la transferencia de detenidos a la custodia iraqu\u00ed es esencial para la seguridad regional. Reafirmaron su compromiso com\u00fan de derrotar a ISIS\/Daesh en Irak y Siria y se comprometieron a seguir apoyando a ambos gobiernos para asegurar la seguridad de los detenidos afiliados a ISIS.<\/p>\n\n\n\n<p><em>Texto final<\/em><\/p>\n\n\n\n<p>U.S. Department of State<\/p>\n\n\n\n<p><a target=\"_blank\" href=\"mailto:usstatebpa@public.govdelivery.com\" rel=\"noreferrer noopener\">usstatebpa@public.govdelivery.<\/a><\/p>\n","protected":false},"excerpt":{"rendered":"<p>Nota de prensa 9 de febrero de 2026 El texto de la siguiente declaraci\u00f3n fue publicado por los Gobiernos de los Estados Unidos y el Reino de Arabia Saudita. Texto inicial: El Reino de Arabia Saudita organiz\u00f3 una reuni\u00f3n de altos funcionarios diplom\u00e1ticos y de defensa del Peque\u00f1o Grupo de la Coalici\u00f3n Global para Derrotar [&hellip;]<\/p>\n","protected":false},"author":2,"featured_media":657808,"comment_status":"open","ping_status":"closed","sticky":false,"template":"","format":"standard","meta":{"footnotes":""},"categories":[23],"tags":[4453,4452,3859],"class_list":["post-664637","post","type-post","status-publish","format-standard","has-post-thumbnail","hentry","category-internacional","tag-irak","tag-isis","tag-siria"],"_links":{"self":[{"href":"https:\/\/diariodominicano.com\/index.php?rest_route=\/wp\/v2\/posts\/664637","targetHints":{"allow":["GET"]}}],"collection":[{"href":"https:\/\/diariodominicano.com\/index.php?rest_route=\/wp\/v2\/posts"}],"about":[{"href":"https:\/\/diariodominicano.com\/index.php?rest_route=\/wp\/v2\/types\/post"}],"author":[{"embeddable":true,"href":"https:\/\/diariodominicano.com\/index.php?rest_route=\/wp\/v2\/users\/2"}],"replies":[{"embeddable":true,"href":"https:\/\/diariodominicano.com\/index.php?rest_route=%2Fwp%2Fv2%2Fcomments&post=664637"}],"version-history":[{"count":1,"href":"https:\/\/diariodominicano.com\/index.php?rest_route=\/wp\/v2\/posts\/664637\/revisions"}],"predecessor-version":[{"id":664638,"href":"https:\/\/diariodominicano.com\/index.php?rest_route=\/wp\/v2\/posts\/664637\/revisions\/664638"}],"wp:featuredmedia":[{"embeddable":true,"href":"https:\/\/diariodominicano.com\/index.php?rest_route=\/wp\/v2\/media\/657808"}],"wp:attachment":[{"href":"https:\/\/diariodominicano.com\/index.php?rest_route=%2Fwp%2Fv2%2Fmedia&parent=664637"}],"wp:term":[{"taxonomy":"category","embeddable":true,"href":"https:\/\/diariodominicano.com\/index.php?rest_route=%2Fwp%2Fv2%2Fcategories&post=664637"},{"taxonomy":"post_tag","embeddable":true,"href":"https:\/\/diariodominicano.com\/index.php?rest_route=%2Fwp%2Fv2%2Ftags&post=664637"}],"curies":[{"name":"wp","href":"https:\/\/api.w.org\/{rel}","templated":true}]}}