{"id":66462,"date":"2012-01-18T23:08:41","date_gmt":"2012-01-18T23:08:41","guid":{"rendered":"http:\/\/diariodominicano.ddns.net\/?p=66462"},"modified":"2012-01-18T23:08:41","modified_gmt":"2012-01-18T23:08:41","slug":"uasd-y-universidad-cubana-marta-abreu-de-las-vinas-actualizaran-acuerdo","status":"publish","type":"post","link":"https:\/\/diariodominicano.com\/?p=66462","title":{"rendered":"UASD y Universidad  cubana Marta Abreu de las Vi\u00f1as actualizar\u00e1n acuerdo"},"content":{"rendered":"<p><body><\/p>\n<p><img decoding=\"async\" src=\"img3\/uasdcuba.JPG\" \/>  <\/p>\n<p><span class=\"text1noticias\">Rep.Dom, 18 de Enero.- Las Universidades Aut\u00f3noma de Santo Domingo (UASD) y la Central \u00abMarta Abreu\u00bb de Las Vi\u00f1as ejecutar\u00e1n programas conjuntos de investigaci\u00f3n, para lo cual actualizar\u00e1n un acuerdo suscrito hace varios a\u00f1os por ambas academias.<\/span><\/p>\n<\/p>\n<p><span class=\"text1noticias\">As\u00ed lo acordaron el rector de la academia estatal, maestro Mateo Aquino Febrillet y el vicerrector de la Universidad \u00abMarta Abreu\u00bb de Las Vi\u00f1as, de Cuba, doctor \u00c1ngel Rubio Gonz\u00e1lez, durante una visita que \u00e9ste \u00faltimo le gir\u00f3 en su despacho al principal funcionario de la entidad educativa dominicana.<\/span><\/p>\n<\/p>\n<p><span class=\"text1noticias\">Para la actualizaci\u00f3n y habilitaci\u00f3n de los canales de ejecuci\u00f3n del citado convenio, se fij\u00f3 un encuentro de trabajo entre comisiones de ambas instituciones y de la Comisi\u00f3n de Ciencia y Tecnolog\u00eda de la Presidencia.<\/span><\/p>\n<\/p>\n<p><span class=\"text1noticias\">Al hablar brevemente en el encuentro, el rector de la UASD consider\u00f3 oportuno el que ambas universidades retomen los compromisos en el acuerdo firmado anteriormente, porque -a su juicio- esto contribuir\u00e1 a fortalecer las \u00e1reas de investigaci\u00f3n.<\/span><\/p>\n<\/p>\n<p><span class=\"text1noticias\">Dijo que en el encuentro de trabajo de las comisiones se definir\u00e1n las \u00e1reas de colaboraci\u00f3n conjuntas en que trabajar\u00e1n ambas universidades, tras declarar, que har\u00e1n hincapi\u00e9 en los aspectos que sean de mayor inter\u00e9s.<\/span><\/p>\n<\/p>\n<p><span class=\"text1noticias\">Subray\u00f3 que los pasos para poner en ejecuci\u00f3n los programas de colaboraci\u00f3n conjunta, llega en un momento estelar para la UASD, ya que \u00e9ste centro de altos estudios se encuentra inmerso en un proceso de cambio que busca elevar su pertinencia, y, en ese sentido, define la investigaci\u00f3n como vital.<\/span><\/p>\n<\/p>\n<p><span class=\"text1noticias\">Mientras, el vicerrector de la Universidad de las Vi\u00f1as, Rubio Gonz\u00e1lez, dijo que en la definici\u00f3n de las l\u00edneas de colaboraci\u00f3n pondr\u00e1n especial atenci\u00f3n en la ejecuci\u00f3n de programas orientados a formar doctores.<\/span><\/p>\n<\/p>\n<p><span class=\"text1noticias\">En cambio, Jos\u00e9 Manuel Santana Silvestre, director de la Comisi\u00f3n Internacional Asesora de Ciencia y Tecnolog\u00eda, con rango de embajador honor\u00edfico en la Canciller\u00eda, quien tambi\u00e9n particip\u00f3 en el encuentro, sugiri\u00f3 que dentro de las propuestas que surjan de las discusiones se incluya un programa de emprendedurismo.<\/span><\/p>\n<\/p>\n<p><span class=\"text1noticias\">Universidad \u00abMarta Abreu\u00bb de Las Vi\u00f1as<\/span><\/p>\n<\/p>\n<p><span class=\"text1noticias\">La Universidad Central \u00abMarta Abreu\u00bb de Las Villas est\u00e1 localizada en Cuba. Se fund\u00f3 en 1952, tiene 13 facultades y la Facultad especial de Monta\u00f1a, localizadas en Topes de Collantes, el coraz\u00f3n de la cordillera del Escambray.<\/span><\/p>\n<\/p>\n<p><span class=\"text1noticias\">Esa academia registra un alto potencial cient\u00edfico, gracias a la existencia all\u00ed de 395 doctores y 573 m\u00e1sters en Ciencias, adem\u00e1s de contar con la m\u00e1s amplia red de centros de investigaci\u00f3n del Ministerio de Educaci\u00f3n Superior en Cuba, en la que se combinan los de Investigaci\u00f3n y Estudio, as\u00ed como Unidades de Desarrollo Cient\u00edfico Tecnol\u00f3gico. <\/span><\/p>\n<\/p>\n<p><span class=\"text1noticias\">         Entre los principales logros de dicha academia est\u00e1 el desarrollo de tecnolog\u00edas para la producci\u00f3n de ecomateriales, destinados a la soluci\u00f3n de los problemas de la vivienda en ese pa\u00eds, proyecto emprendido por el Centro de Investigaciones y Desarrollo de Estructuras y Materiales (CIDEM), las cuales han sido introducidas en 48 municipios del pa\u00eds e incluso en otras naciones del mundo<\/span>.<\/p>\n<h6> 2012-01-18 23:08:41 <\/h6>\n<p><!--\n<link rel=\"stylesheet\" href=\"css\/bootstrap.min.css\">\n\n\n<ul class=\"pagination\">\n\t    \n\t\n\n<li >\n\t<a href='?page_no=18139'>Previous<\/a>\n\t<\/li>\n\n\n       \n    \n\n<li><a href='?page_no=1'>1<\/a><\/li>\n\n\n\n<li><a href='?page_no=2'>2<\/a><\/li>\n\n\n\n<li><a>...<\/a><\/li>\n\n\n\n<li><a href='?page_no=18138'>18138<\/a><\/li>\n\n\n\n<li><a href='?page_no=18139'>18139<\/a><\/li>\n\n\n\n<li class='active'><a>18140<\/a><\/li>\n\n\n\n<li><a href='?page_no=18141'>18141<\/a><\/li>\n\n\n\n<li><a href='?page_no=18142'>18142<\/a><\/li>\n\n\n\n<li><a>...<\/a><\/li>\n\n\n\n<li><a href='?page_no=22911'>22911<\/a><\/li>\n\n\n\n<li><a href='?page_no=22912'>22912<\/a><\/li>\n\n    \n\t\n\n<li >\n\t<a href='?page_no=18141'>Next<\/a>\n\t<\/li>\n\n\n    \n\n<li><a href='?page_no=22912'>Last &rsaquo;&rsaquo;<\/a><\/li>\n\n<\/ul>\n\n\n--><br \/>\n<\/body><\/p>\n","protected":false},"excerpt":{"rendered":"<p>Rep.Dom, 18 de Enero.- Las Universidades Aut\u00f3noma de Santo Domingo (UASD) y la Central \u00abMarta Abreu\u00bb de Las Vi\u00f1as ejecutar\u00e1n programas conjuntos de investigaci\u00f3n, para lo cual actualizar\u00e1n un acuerdo suscrito hace varios a\u00f1os por ambas academias. As\u00ed lo acordaron el rector de la academia estatal, maestro Mateo Aquino Febrillet y el vicerrector de la [&hellip;]<\/p>\n","protected":false},"author":3,"featured_media":0,"comment_status":"open","ping_status":"open","sticky":false,"template":"","format":"standard","meta":{"footnotes":""},"categories":[21],"tags":[],"class_list":["post-66462","post","type-post","status-publish","format-standard","hentry","category-cultura"],"_links":{"self":[{"href":"https:\/\/diariodominicano.com\/index.php?rest_route=\/wp\/v2\/posts\/66462","targetHints":{"allow":["GET"]}}],"collection":[{"href":"https:\/\/diariodominicano.com\/index.php?rest_route=\/wp\/v2\/posts"}],"about":[{"href":"https:\/\/diariodominicano.com\/index.php?rest_route=\/wp\/v2\/types\/post"}],"author":[{"embeddable":true,"href":"https:\/\/diariodominicano.com\/index.php?rest_route=\/wp\/v2\/users\/3"}],"replies":[{"embeddable":true,"href":"https:\/\/diariodominicano.com\/index.php?rest_route=%2Fwp%2Fv2%2Fcomments&post=66462"}],"version-history":[{"count":0,"href":"https:\/\/diariodominicano.com\/index.php?rest_route=\/wp\/v2\/posts\/66462\/revisions"}],"wp:attachment":[{"href":"https:\/\/diariodominicano.com\/index.php?rest_route=%2Fwp%2Fv2%2Fmedia&parent=66462"}],"wp:term":[{"taxonomy":"category","embeddable":true,"href":"https:\/\/diariodominicano.com\/index.php?rest_route=%2Fwp%2Fv2%2Fcategories&post=66462"},{"taxonomy":"post_tag","embeddable":true,"href":"https:\/\/diariodominicano.com\/index.php?rest_route=%2Fwp%2Fv2%2Ftags&post=66462"}],"curies":[{"name":"wp","href":"https:\/\/api.w.org\/{rel}","templated":true}]}}