{"id":66461,"date":"2012-01-19T19:33:22","date_gmt":"2012-01-19T19:33:22","guid":{"rendered":"http:\/\/diariodominicano.ddns.net\/?p=66461"},"modified":"2012-01-19T19:33:22","modified_gmt":"2012-01-19T19:33:22","slug":"manual-de-cultura-general-de-carlos-cepeda-suriel","status":"publish","type":"post","link":"https:\/\/diariodominicano.com\/?p=66461","title":{"rendered":"Manual de Cultura General de Carlos Cepeda Suriel"},"content":{"rendered":"<p><body><\/p>\n<p><span class=\"text1noticias\">Santo Domingo, RD 19 enero.- El periodista, locutor y escritor Carlos Cepeda Suriel, pondr\u00e1 en circulaci\u00f3n su libro titulado \u00abManual de Cultura General\u00bb, en un acto pautado para el pr\u00f3ximo jueves 26 del presente mes.<\/span><\/p>\n<\/p>\n<p><span class=\"text1noticias\">La invitaci\u00f3n al acto la hacen Editorial Santuario, Universidad Interamericana y la Escuela Nacional de Locuci\u00f3n Otto Rivera, quienes anuncian que el nuevo texto ser\u00e1 presentado por el doctor Alejandro Arvelo, director general de la Feria Internacional del Libro.<\/span><\/p>\n<\/p>\n<p><span class=\"text1noticias\">La destacada locutora Yanela Hern\u00e1ndez, tendr\u00e1 a su cargo la maestr\u00eda de ceremonias del acto que ser\u00e1 a las 7:00 de la noche en la Sala A\u00edda Cartagena de Portalat\u00edn del Teatro Nacional Eduardo Brito. Suriel puso en circulaci\u00f3n anteriormente la novela \u00abM\u00e1s all\u00e1 del poder\u00bb, apadrinada por Juan Bosch, Pedro Mir y don Mariano Lebr\u00f3n Savi\u00f1\u00f3n.<\/span><\/p>\n<\/p>\n<p><span class=\"text1noticias\">Un trabajo sin precedentes<\/span><\/p>\n<\/p>\n<p><span class=\"text1noticias\">Alejandro Arvelo afirma en su pr\u00f3logo que este manual es una obra monumental, un trabajo cicl\u00f3peo sin precedentes en la literatura dominicana. \u00abEste libro desde la prinera hasta la \u00faltima de sus p\u00e1ginas est\u00e1 colmado de principios y consejos orientados a la conducta\u00bb, dice en el escrito. Afirma adem\u00e1s que \u00abCarlos Cepeda Suriel, con este manual, entrega a los lectores una obra que ense\u00f1a, educa y orienta de una manera completamente amena, atractiva y felicitaria\u00bb. El manual est\u00e1 dedicado a periodistas, locutores, la juventud dominicana, todos los estudiantes y el p\u00fablico en general<\/span>.<\/p>\n<\/p>\n<\/p>\n<h6> 2012-01-19 19:33:22 <\/h6>\n<p><!--\n<link rel=\"stylesheet\" href=\"css\/bootstrap.min.css\">\n\n\n<ul class=\"pagination\">\n\t    \n\t\n\n<li >\n\t<a href='?page_no=18138'>Previous<\/a>\n\t<\/li>\n\n\n       \n    \n\n<li><a href='?page_no=1'>1<\/a><\/li>\n\n\n\n<li><a href='?page_no=2'>2<\/a><\/li>\n\n\n\n<li><a>...<\/a><\/li>\n\n\n\n<li><a href='?page_no=18137'>18137<\/a><\/li>\n\n\n\n<li><a href='?page_no=18138'>18138<\/a><\/li>\n\n\n\n<li class='active'><a>18139<\/a><\/li>\n\n\n\n<li><a href='?page_no=18140'>18140<\/a><\/li>\n\n\n\n<li><a href='?page_no=18141'>18141<\/a><\/li>\n\n\n\n<li><a>...<\/a><\/li>\n\n\n\n<li><a href='?page_no=22911'>22911<\/a><\/li>\n\n\n\n<li><a href='?page_no=22912'>22912<\/a><\/li>\n\n    \n\t\n\n<li >\n\t<a href='?page_no=18140'>Next<\/a>\n\t<\/li>\n\n\n    \n\n<li><a href='?page_no=22912'>Last &rsaquo;&rsaquo;<\/a><\/li>\n\n<\/ul>\n\n\n--><br \/>\n<\/body><\/p>\n","protected":false},"excerpt":{"rendered":"<p>Santo Domingo, RD 19 enero.- El periodista, locutor y escritor Carlos Cepeda Suriel, pondr\u00e1 en circulaci\u00f3n su libro titulado \u00abManual de Cultura General\u00bb, en un acto pautado para el pr\u00f3ximo jueves 26 del presente mes. La invitaci\u00f3n al acto la hacen Editorial Santuario, Universidad Interamericana y la Escuela Nacional de Locuci\u00f3n Otto Rivera, quienes anuncian [&hellip;]<\/p>\n","protected":false},"author":3,"featured_media":0,"comment_status":"open","ping_status":"open","sticky":false,"template":"","format":"standard","meta":{"footnotes":""},"categories":[21],"tags":[],"class_list":["post-66461","post","type-post","status-publish","format-standard","hentry","category-cultura"],"_links":{"self":[{"href":"https:\/\/diariodominicano.com\/index.php?rest_route=\/wp\/v2\/posts\/66461","targetHints":{"allow":["GET"]}}],"collection":[{"href":"https:\/\/diariodominicano.com\/index.php?rest_route=\/wp\/v2\/posts"}],"about":[{"href":"https:\/\/diariodominicano.com\/index.php?rest_route=\/wp\/v2\/types\/post"}],"author":[{"embeddable":true,"href":"https:\/\/diariodominicano.com\/index.php?rest_route=\/wp\/v2\/users\/3"}],"replies":[{"embeddable":true,"href":"https:\/\/diariodominicano.com\/index.php?rest_route=%2Fwp%2Fv2%2Fcomments&post=66461"}],"version-history":[{"count":0,"href":"https:\/\/diariodominicano.com\/index.php?rest_route=\/wp\/v2\/posts\/66461\/revisions"}],"wp:attachment":[{"href":"https:\/\/diariodominicano.com\/index.php?rest_route=%2Fwp%2Fv2%2Fmedia&parent=66461"}],"wp:term":[{"taxonomy":"category","embeddable":true,"href":"https:\/\/diariodominicano.com\/index.php?rest_route=%2Fwp%2Fv2%2Fcategories&post=66461"},{"taxonomy":"post_tag","embeddable":true,"href":"https:\/\/diariodominicano.com\/index.php?rest_route=%2Fwp%2Fv2%2Ftags&post=66461"}],"curies":[{"name":"wp","href":"https:\/\/api.w.org\/{rel}","templated":true}]}}