{"id":66460,"date":"2012-01-19T19:38:46","date_gmt":"2012-01-19T19:38:46","guid":{"rendered":"http:\/\/diariodominicano.ddns.net\/?p=66460"},"modified":"2012-01-19T19:38:46","modified_gmt":"2012-01-19T19:38:46","slug":"ponen-a-circular-las-mascaras-dela-seduccion","status":"publish","type":"post","link":"https:\/\/diariodominicano.com\/?p=66460","title":{"rendered":"Ponen a circular \u00abLas m\u00e1scaras dela seducci\u00f3n\u00bb"},"content":{"rendered":"<p><body><\/p>\n<p><span class=\"text1noticias\">Santo Domingo, RD 19 enero.- La Fundaci\u00f3n Corripio fue el espacio escogido ayer para poner a circular la segunda edici\u00f3n del libro \u00abLas m\u00e1scaras de la seducci\u00f3n\u00bb, de la autor\u00eda del  narrador, ensayista, cr\u00edtico literario y asesor de la mencionada entidad, Jos\u00e9 Alc\u00e1ntara Alm\u00e1nzar.<\/span><\/p>\n<\/p>\n<p><span class=\"text1noticias\">El director ejecutivo de la Fundaci\u00f3n Corripio, Jacinto Gimbernard, habl\u00f3 en nombre de \u00e9sta, manifestando que \u00abcomenzar el a\u00f1o con la salida de un libro, es un buen comienzo para la Fundaci\u00f3n Corripio, una entidad que se ha caracterizado, desde su creaci\u00f3n, por su compromiso de darle respaldo a la cultura nacional a trav\u00e9s de sus colecciones de libro y sus esperados premios\u00bb.<\/span><\/p>\n<\/p>\n<p><span class=\"text1noticias\">De la misma forma Gimbernard defini\u00f3 a Alc\u00e1ntara Alm\u00e1nzar como  \u00abun hombre que ha dedicado su vida a la educaci\u00f3n y a las letras, a quien  tenemos como asesor de nuestra fundaci\u00f3n para nuestro regocijo\u00bb.<\/span><\/p>\n<\/p>\n<p><span class=\"text1noticias\">Por su parte, el poeta Juan Carlos Mieses, quien  tuvo a su cargo la presentaci\u00f3n de la obra destac\u00f3 los atributos de los personajes de  transformar a un simple actor en un gran h\u00e9roe, y la de convertir a un hombre com\u00fan en  un ser extraordinario, enfatizando al mismo tiempo que \u00abel t\u00edtulo de este libro no podr\u00eda ser m\u00e1s adecuado, anunciando la clase de aventura que guarda a sus lectores\u00bb.<\/span><\/p>\n<\/p>\n<p><span class=\"text1noticias\"> En el evento que dio inicio a las actividades culturales correspondientes al a\u00f1o 2012 de la Fundaci\u00f3n, hicieron acto de presencia, Jos\u00e9 Luis Corripio Estrada, presidente de la Fundaci\u00f3n Corripio; H\u00e9ctor Valdez Albizu, gobernador del Banco Central; Isael P\u00e9rez, escritor y presidente de la editorial Santuario, as\u00ed como un nutrido grupo de funcionarios del Banco Central, compa\u00f1eros de labores y amigos del autor.<\/span><\/p>\n<\/p>\n<p><span class=\"text1noticias\">Jos\u00e9 Alc\u00e1ntara Alm\u00e1nzar agradeci\u00f3 a la Fundaci\u00f3n y a su familia por el apoyo brindado.<\/span><\/p>\n<\/p>\n<p><span class=\"text1noticias\">\u00abEscribir es descifrar enigmas que nunca terminamos de comprender, lleno de dudas y preguntas, el escritor  hombre o mujer, transita por un camino sembrado de incertidumbre y sombras, que va desglosando a golpes de palabras con el prop\u00f3sito de llegar a iluminar los dilemas de la existencia\u00bb, dijo el autor del libro que fue impreso bajo el sello  de la Editorial Santuario,  adornado en su portada por una ilustraci\u00f3n del artista pl\u00e1stico y escritor Fernando Ure\u00f1a Rib<\/span>.<\/p>\n<h6> 2012-01-19 19:38:46 <\/h6>\n<p><!--\n<link rel=\"stylesheet\" href=\"css\/bootstrap.min.css\">\n\n\n<ul class=\"pagination\">\n\t    \n\t\n\n<li >\n\t<a href='?page_no=18137'>Previous<\/a>\n\t<\/li>\n\n\n       \n    \n\n<li><a href='?page_no=1'>1<\/a><\/li>\n\n\n\n<li><a href='?page_no=2'>2<\/a><\/li>\n\n\n\n<li><a>...<\/a><\/li>\n\n\n\n<li><a href='?page_no=18136'>18136<\/a><\/li>\n\n\n\n<li><a href='?page_no=18137'>18137<\/a><\/li>\n\n\n\n<li class='active'><a>18138<\/a><\/li>\n\n\n\n<li><a href='?page_no=18139'>18139<\/a><\/li>\n\n\n\n<li><a href='?page_no=18140'>18140<\/a><\/li>\n\n\n\n<li><a>...<\/a><\/li>\n\n\n\n<li><a href='?page_no=22911'>22911<\/a><\/li>\n\n\n\n<li><a href='?page_no=22912'>22912<\/a><\/li>\n\n    \n\t\n\n<li >\n\t<a href='?page_no=18139'>Next<\/a>\n\t<\/li>\n\n\n    \n\n<li><a href='?page_no=22912'>Last &rsaquo;&rsaquo;<\/a><\/li>\n\n<\/ul>\n\n\n--><br \/>\n<\/body><\/p>\n","protected":false},"excerpt":{"rendered":"<p>Santo Domingo, RD 19 enero.- La Fundaci\u00f3n Corripio fue el espacio escogido ayer para poner a circular la segunda edici\u00f3n del libro \u00abLas m\u00e1scaras de la seducci\u00f3n\u00bb, de la autor\u00eda del narrador, ensayista, cr\u00edtico literario y asesor de la mencionada entidad, Jos\u00e9 Alc\u00e1ntara Alm\u00e1nzar. El director ejecutivo de la Fundaci\u00f3n Corripio, Jacinto Gimbernard, habl\u00f3 en [&hellip;]<\/p>\n","protected":false},"author":3,"featured_media":0,"comment_status":"open","ping_status":"open","sticky":false,"template":"","format":"standard","meta":{"footnotes":""},"categories":[21],"tags":[],"class_list":["post-66460","post","type-post","status-publish","format-standard","hentry","category-cultura"],"_links":{"self":[{"href":"https:\/\/diariodominicano.com\/index.php?rest_route=\/wp\/v2\/posts\/66460","targetHints":{"allow":["GET"]}}],"collection":[{"href":"https:\/\/diariodominicano.com\/index.php?rest_route=\/wp\/v2\/posts"}],"about":[{"href":"https:\/\/diariodominicano.com\/index.php?rest_route=\/wp\/v2\/types\/post"}],"author":[{"embeddable":true,"href":"https:\/\/diariodominicano.com\/index.php?rest_route=\/wp\/v2\/users\/3"}],"replies":[{"embeddable":true,"href":"https:\/\/diariodominicano.com\/index.php?rest_route=%2Fwp%2Fv2%2Fcomments&post=66460"}],"version-history":[{"count":0,"href":"https:\/\/diariodominicano.com\/index.php?rest_route=\/wp\/v2\/posts\/66460\/revisions"}],"wp:attachment":[{"href":"https:\/\/diariodominicano.com\/index.php?rest_route=%2Fwp%2Fv2%2Fmedia&parent=66460"}],"wp:term":[{"taxonomy":"category","embeddable":true,"href":"https:\/\/diariodominicano.com\/index.php?rest_route=%2Fwp%2Fv2%2Fcategories&post=66460"},{"taxonomy":"post_tag","embeddable":true,"href":"https:\/\/diariodominicano.com\/index.php?rest_route=%2Fwp%2Fv2%2Ftags&post=66460"}],"curies":[{"name":"wp","href":"https:\/\/api.w.org\/{rel}","templated":true}]}}