{"id":66459,"date":"2012-01-19T19:45:54","date_gmt":"2012-01-19T19:45:54","guid":{"rendered":"http:\/\/diariodominicano.ddns.net\/?p=66459"},"modified":"2012-01-19T19:45:54","modified_gmt":"2012-01-19T19:45:54","slug":"ministro-de-cultura-esta-de-viaje-continua-crisis-en-teatro-cibao","status":"publish","type":"post","link":"https:\/\/diariodominicano.com\/?p=66459","title":{"rendered":"&#13;&#13;Ministro de Cultura esta de viaje, contin\u00faa crisis en Teatro Cibao"},"content":{"rendered":"<p><body><\/p>\n<p><span class=\"text1noticias\">Santiago, RD, 19 enero.- Contin\u00faa la crisis en el Gran Teatro del Cibao y mientras el Ministro de Cultura Jos\u00e9 Rafael Lantigua cumple compromisos laborales en Salamanca, Espa\u00f1a, una comisi\u00f3n gerencial y administrativa del Ministerio se reuni\u00f3 el pasado lunes  \u00aba puertas cerradas\u00bb y de manera separada, con el director de la sede de artes, Lincoln L\u00f3pez y con la encargada administrativa envuelta en las denuncias, la se\u00f1ora Nancy Azcona.<\/span><\/p>\n<\/p>\n<p><span class=\"text1noticias\">A modo de \u00ablevantamiento\u00bb y para escuchar las denuncias de los protagonistas del m\u00e1s reciente esc\u00e1ndalo surgido en el Teatro Regional, que fue denunciado el pasado martes 10 de enero por L\u00f3pez y que implica la ocurrencia de serias anomal\u00edas e irregularidades, la comisi\u00f3n integrada por tres personas procedentes de la sede nacional y por el Viceministro de Cultura para la region Norte, Enegildo Pe\u00f1a, estar\u00eda dando todos los detalles para cuando ocurra la llegada del Ministro.<\/span><\/p>\n<\/p>\n<p><span class=\"text1noticias\">La pasada semana, tras la denuncia de L\u00f3pez de supuestas anomal\u00edas administrativas se gener\u00f3 \u00abun hervidero\u00bb en el sector cultural de Santiago, ya que no es la primera vez que se realiza este tipo de denuncias.<\/span><\/p>\n<\/p>\n<p><span class=\"text1noticias\">Pese a todo lo surgido, llama la atenci\u00f3n que el Patronato del Gran Teatro del Cibao, integrado por prestigiosas personalidades de la provincia, ni la ex directora Gina Rodr\u00edguez, que salvar\u00eda su gesti\u00f3n con eldesenlace de este impasse, no hayan dado hasta el momento \u00abni se\u00f1ales de humo\u00bb en respaldo o rechazo a ninguna de las partes envueltas<\/span>.<\/p>\n<\/p>\n<h6> 2012-01-19 19:45:54 <\/h6>\n<p><!--\n<link rel=\"stylesheet\" href=\"css\/bootstrap.min.css\">\n\n\n<ul class=\"pagination\">\n\t    \n\t\n\n<li >\n\t<a href='?page_no=18136'>Previous<\/a>\n\t<\/li>\n\n\n       \n    \n\n<li><a href='?page_no=1'>1<\/a><\/li>\n\n\n\n<li><a href='?page_no=2'>2<\/a><\/li>\n\n\n\n<li><a>...<\/a><\/li>\n\n\n\n<li><a href='?page_no=18135'>18135<\/a><\/li>\n\n\n\n<li><a href='?page_no=18136'>18136<\/a><\/li>\n\n\n\n<li class='active'><a>18137<\/a><\/li>\n\n\n\n<li><a href='?page_no=18138'>18138<\/a><\/li>\n\n\n\n<li><a href='?page_no=18139'>18139<\/a><\/li>\n\n\n\n<li><a>...<\/a><\/li>\n\n\n\n<li><a href='?page_no=22911'>22911<\/a><\/li>\n\n\n\n<li><a href='?page_no=22912'>22912<\/a><\/li>\n\n    \n\t\n\n<li >\n\t<a href='?page_no=18138'>Next<\/a>\n\t<\/li>\n\n\n    \n\n<li><a href='?page_no=22912'>Last &rsaquo;&rsaquo;<\/a><\/li>\n\n<\/ul>\n\n\n--><br \/>\n<\/body><\/p>\n","protected":false},"excerpt":{"rendered":"<p>Santiago, RD, 19 enero.- Contin\u00faa la crisis en el Gran Teatro del Cibao y mientras el Ministro de Cultura Jos\u00e9 Rafael Lantigua cumple compromisos laborales en Salamanca, Espa\u00f1a, una comisi\u00f3n gerencial y administrativa del Ministerio se reuni\u00f3 el pasado lunes \u00aba puertas cerradas\u00bb y de manera separada, con el director de la sede de artes, [&hellip;]<\/p>\n","protected":false},"author":3,"featured_media":0,"comment_status":"open","ping_status":"open","sticky":false,"template":"","format":"standard","meta":{"footnotes":""},"categories":[21],"tags":[],"class_list":["post-66459","post","type-post","status-publish","format-standard","hentry","category-cultura"],"_links":{"self":[{"href":"https:\/\/diariodominicano.com\/index.php?rest_route=\/wp\/v2\/posts\/66459","targetHints":{"allow":["GET"]}}],"collection":[{"href":"https:\/\/diariodominicano.com\/index.php?rest_route=\/wp\/v2\/posts"}],"about":[{"href":"https:\/\/diariodominicano.com\/index.php?rest_route=\/wp\/v2\/types\/post"}],"author":[{"embeddable":true,"href":"https:\/\/diariodominicano.com\/index.php?rest_route=\/wp\/v2\/users\/3"}],"replies":[{"embeddable":true,"href":"https:\/\/diariodominicano.com\/index.php?rest_route=%2Fwp%2Fv2%2Fcomments&post=66459"}],"version-history":[{"count":0,"href":"https:\/\/diariodominicano.com\/index.php?rest_route=\/wp\/v2\/posts\/66459\/revisions"}],"wp:attachment":[{"href":"https:\/\/diariodominicano.com\/index.php?rest_route=%2Fwp%2Fv2%2Fmedia&parent=66459"}],"wp:term":[{"taxonomy":"category","embeddable":true,"href":"https:\/\/diariodominicano.com\/index.php?rest_route=%2Fwp%2Fv2%2Fcategories&post=66459"},{"taxonomy":"post_tag","embeddable":true,"href":"https:\/\/diariodominicano.com\/index.php?rest_route=%2Fwp%2Fv2%2Ftags&post=66459"}],"curies":[{"name":"wp","href":"https:\/\/api.w.org\/{rel}","templated":true}]}}